{"id":74719,"date":"2017-12-28T18:40:08","date_gmt":"2017-12-28T16:40:08","guid":{"rendered":"https:\/\/www.sana.sy\/es\/?p=74719"},"modified":"2017-12-28T18:40:08","modified_gmt":"2017-12-28T16:40:08","slug":"zajarova-la-aparicion-de-nuevas-armas-en-manos-de-los-terroristas-en-siria-demuestra-que-el-apoyo-a-ellos-no-se-detuvo","status":"publish","type":"post","link":"https:\/\/archive.sana.sy\/es\/?p=74719","title":{"rendered":"Zajarova: la aparici\u00f3n de nuevas armas en manos de los terroristas en Siria demuestra que el apoyo a ellos no se detuvo"},"content":{"rendered":"<p>&nbsp;<\/p>\n<p><span style=\"color: #800000;\">Mosc\u00fa-SANA<\/span><\/p>\n<p>La portavoz del ministerio de Exteriores ruso, Mar\u00eda Zajarova, manifest\u00f3 la preocupaci\u00f3n de su pa\u00eds por la aparici\u00f3n de nuevas armas en manos de los terroristas en Siria, se\u00f1alando que esto es un \u00edndice de que el apoyo a ellos no se detuvo.<\/p>\n<p>Durante una rueda de prensa, Zajarova exigi\u00f3 a la comunidad internacional asumir la responsabilidad respecto a la resoluci\u00f3n 2254 del Consejo de Seguridad, que estipula la necesidad de impedir nuevos ataques terroristas, y acabar con el refugio seguro de los terroristas en muchas zonas en Siria.<\/p>\n<p>El intento de los terroristas atacar la base rusa en Humaimim en Siria es una provocaci\u00f3n que tiene por objetivo abortar el proceso de solucionar la crisis siria, e impedir celebrar una conferencia del di\u00e1logo nacional sirio, afirm\u00f3 Zajarova.<\/p>\n<p>En el mismo contexto, la portavoz rusa aclar\u00f3 que los extremistas intentan obstaculizar un di\u00e1logo intersirio amplio e integral, ya que ellos no se preocupan por la paz.<\/p>\n<p>Zajarova exigi\u00f3 a las potencias regionales e internacionales capaces de influir en el desarrollo de la situaci\u00f3n en Siria a adoptar una postura clara para apoyar la conferencia del di\u00e1logo nacional sirio, del que se espera llegar a acuerdos conforme a la resoluci\u00f3n 2254 del Consejo de Seguridad.<\/p>\n<p><span style=\"color: #0000ff;\">Akram. S<\/span><\/p>\n","protected":false},"excerpt":{"rendered":"<p>&nbsp; Mosc\u00fa-SANA La portavoz del ministerio de Exteriores ruso, Mar\u00eda Zajarova, manifest\u00f3 la preocupaci\u00f3n de su pa\u00eds por la aparici\u00f3n de nuevas armas en manos de los terroristas en Siria, se\u00f1alando que esto es un \u00edndice de que el apoyo a ellos no se detuvo. Durante una rueda de prensa, Zajarova exigi\u00f3 a la comunidad &hellip;<\/p>\n","protected":false},"author":1,"featured_media":74720,"comment_status":"closed","ping_status":"closed","sticky":false,"template":"","format":"standard","meta":{"footnotes":""},"categories":[597,467,583,7541],"tags":[],"class_list":["post-74719","post","type-post","status-publish","format-standard","has-post-thumbnail","","category-cinta-de-noticias","category-siria-y-el-mundo","category-slide","category-ultimas-noticias"],"_links":{"self":[{"href":"https:\/\/archive.sana.sy\/es\/index.php?rest_route=\/wp\/v2\/posts\/74719"}],"collection":[{"href":"https:\/\/archive.sana.sy\/es\/index.php?rest_route=\/wp\/v2\/posts"}],"about":[{"href":"https:\/\/archive.sana.sy\/es\/index.php?rest_route=\/wp\/v2\/types\/post"}],"author":[{"embeddable":true,"href":"https:\/\/archive.sana.sy\/es\/index.php?rest_route=\/wp\/v2\/users\/1"}],"replies":[{"embeddable":true,"href":"https:\/\/archive.sana.sy\/es\/index.php?rest_route=%2Fwp%2Fv2%2Fcomments&post=74719"}],"version-history":[{"count":0,"href":"https:\/\/archive.sana.sy\/es\/index.php?rest_route=\/wp\/v2\/posts\/74719\/revisions"}],"wp:featuredmedia":[{"embeddable":true,"href":"https:\/\/archive.sana.sy\/es\/index.php?rest_route=\/wp\/v2\/media\/74720"}],"wp:attachment":[{"href":"https:\/\/archive.sana.sy\/es\/index.php?rest_route=%2Fwp%2Fv2%2Fmedia&parent=74719"}],"wp:term":[{"taxonomy":"category","embeddable":true,"href":"https:\/\/archive.sana.sy\/es\/index.php?rest_route=%2Fwp%2Fv2%2Fcategories&post=74719"},{"taxonomy":"post_tag","embeddable":true,"href":"https:\/\/archive.sana.sy\/es\/index.php?rest_route=%2Fwp%2Fv2%2Ftags&post=74719"}],"curies":[{"name":"wp","href":"https:\/\/api.w.org\/{rel}","templated":true}]}}