{"id":74723,"date":"2017-12-28T19:14:37","date_gmt":"2017-12-28T17:14:37","guid":{"rendered":"https:\/\/www.sana.sy\/es\/?p=74723"},"modified":"2017-12-28T19:14:37","modified_gmt":"2017-12-28T17:14:37","slug":"las-autoridades-competentes-hallan-vehiculos-que-los-terroristas-de-daesh-saquearon-de-los-civiles-en-el-campo-de-homs","status":"publish","type":"post","link":"https:\/\/archive.sana.sy\/es\/?p=74723","title":{"rendered":"Las autoridades competentes hallan veh\u00edculos que los terroristas de Daesh saquearon de los civiles en el campo de Homs"},"content":{"rendered":"<p>&nbsp;<\/p>\n<p><span style=\"color: #800000;\">Homs-SANA<\/span><\/p>\n<p>Las autoridades competentes hallaron gran n\u00famero de veh\u00edculos, alimentos, armas y municiones en los refugios de los terroristas de Daesh en las inmediaciones de la ciudad de al Qarieten, antes de expulsarlos de la ciudad por el Ej\u00e9rcito sirio.<\/p>\n<p>Las zonas registradas por el Ej\u00e9rcito se calculan por 1400 Km cuadrados, hacia el este, el noreste, y el sureste de al Qarieten, llegando a la carretera de al Basiry y el cruce de al Mahassa hacia el desierto.<\/p>\n<p>Las fuerzas del Ej\u00e9rcito hallaron adem\u00e1s dep\u00f3sitos de armas y municiones, y grandes cantidades de alimentos- algunos son ofrecidos por organizaciones internacionales- que los terroristas de Daesh los robaron de los almacenes de la ciudad de al Qarieten antes de ser distribuidos a la poblaci\u00f3n.<\/p>\n<p>Las autoridades competentes devolvieron los veh\u00edculos robados a sus propietarios de la poblaci\u00f3n.<\/p>\n<p><span style=\"color: #0000ff;\">Akram. S<\/span><\/p>\n","protected":false},"excerpt":{"rendered":"<p>&nbsp; Homs-SANA Las autoridades competentes hallaron gran n\u00famero de veh\u00edculos, alimentos, armas y municiones en los refugios de los terroristas de Daesh en las inmediaciones de la ciudad de al Qarieten, antes de expulsarlos de la ciudad por el Ej\u00e9rcito sirio. Las zonas registradas por el Ej\u00e9rcito se calculan por 1400 Km cuadrados, hacia el &hellip;<\/p>\n","protected":false},"author":1,"featured_media":74724,"comment_status":"closed","ping_status":"closed","sticky":false,"template":"","format":"standard","meta":{"footnotes":""},"categories":[597,573,476,7541],"tags":[],"class_list":["post-74723","post","type-post","status-publish","format-standard","has-post-thumbnail","","category-cinta-de-noticias","category-la-realidad-de-los-acontecimientos-en-siria","category-locales","category-ultimas-noticias"],"_links":{"self":[{"href":"https:\/\/archive.sana.sy\/es\/index.php?rest_route=\/wp\/v2\/posts\/74723"}],"collection":[{"href":"https:\/\/archive.sana.sy\/es\/index.php?rest_route=\/wp\/v2\/posts"}],"about":[{"href":"https:\/\/archive.sana.sy\/es\/index.php?rest_route=\/wp\/v2\/types\/post"}],"author":[{"embeddable":true,"href":"https:\/\/archive.sana.sy\/es\/index.php?rest_route=\/wp\/v2\/users\/1"}],"replies":[{"embeddable":true,"href":"https:\/\/archive.sana.sy\/es\/index.php?rest_route=%2Fwp%2Fv2%2Fcomments&post=74723"}],"version-history":[{"count":0,"href":"https:\/\/archive.sana.sy\/es\/index.php?rest_route=\/wp\/v2\/posts\/74723\/revisions"}],"wp:featuredmedia":[{"embeddable":true,"href":"https:\/\/archive.sana.sy\/es\/index.php?rest_route=\/wp\/v2\/media\/74724"}],"wp:attachment":[{"href":"https:\/\/archive.sana.sy\/es\/index.php?rest_route=%2Fwp%2Fv2%2Fmedia&parent=74723"}],"wp:term":[{"taxonomy":"category","embeddable":true,"href":"https:\/\/archive.sana.sy\/es\/index.php?rest_route=%2Fwp%2Fv2%2Fcategories&post=74723"},{"taxonomy":"post_tag","embeddable":true,"href":"https:\/\/archive.sana.sy\/es\/index.php?rest_route=%2Fwp%2Fv2%2Ftags&post=74723"}],"curies":[{"name":"wp","href":"https:\/\/api.w.org\/{rel}","templated":true}]}}