{"id":74736,"date":"2017-12-28T20:46:12","date_gmt":"2017-12-28T18:46:12","guid":{"rendered":"https:\/\/www.sana.sy\/es\/?p=74736"},"modified":"2017-12-28T21:13:34","modified_gmt":"2017-12-28T19:13:34","slug":"el-ejercito-recupera-el-control-d-varias-localidades-en-el-campo-de-hama","status":"publish","type":"post","link":"https:\/\/archive.sana.sy\/es\/?p=74736","title":{"rendered":"El Ej\u00e9rcito recupera el control de varias localidades en el campo de Hama"},"content":{"rendered":"<p><span style=\"color: #800000;\">Hama- SANA<\/span><\/p>\n<p>Una fuente militar inform\u00f3 que unidades del Ej\u00e9rcito sirio en colaboraci\u00f3n con los aliados recuperan el control de las localidades y colinas de al Musherfa, al Tama, al Magara, al Wared, al Dayay, en la comarca noreste de Hama.<\/p>\n<p>La fuente aclar\u00f3 que la recuperaci\u00f3n de estas zonas fue el resultado de una operaci\u00f3n militar en la que un gran n\u00famero de terroristas del Frente de al Nusra fue aniquilado, y fueron destruidas sus armas, entre ellas blindados y ca\u00f1ones.<\/p>\n<p>En el mismo contexto, los zapadores del Ej\u00e9rcito desactivaron los artefactos explosivos y las minas colocados por los terroristas.<\/p>\n<p>&nbsp;<\/p>\n<p><span style=\"color: #0000ff;\">Akram. S<\/span><\/p>\n","protected":false},"excerpt":{"rendered":"<p>Hama- SANA Una fuente militar inform\u00f3 que unidades del Ej\u00e9rcito sirio en colaboraci\u00f3n con los aliados recuperan el control de las localidades y colinas de al Musherfa, al Tama, al Magara, al Wared, al Dayay, en la comarca noreste de Hama. La fuente aclar\u00f3 que la recuperaci\u00f3n de estas zonas fue el resultado de una &hellip;<\/p>\n","protected":false},"author":1,"featured_media":74737,"comment_status":"closed","ping_status":"closed","sticky":false,"template":"","format":"standard","meta":{"footnotes":""},"categories":[597,573,476,583,7541],"tags":[],"class_list":["post-74736","post","type-post","status-publish","format-standard","has-post-thumbnail","","category-cinta-de-noticias","category-la-realidad-de-los-acontecimientos-en-siria","category-locales","category-slide","category-ultimas-noticias"],"_links":{"self":[{"href":"https:\/\/archive.sana.sy\/es\/index.php?rest_route=\/wp\/v2\/posts\/74736"}],"collection":[{"href":"https:\/\/archive.sana.sy\/es\/index.php?rest_route=\/wp\/v2\/posts"}],"about":[{"href":"https:\/\/archive.sana.sy\/es\/index.php?rest_route=\/wp\/v2\/types\/post"}],"author":[{"embeddable":true,"href":"https:\/\/archive.sana.sy\/es\/index.php?rest_route=\/wp\/v2\/users\/1"}],"replies":[{"embeddable":true,"href":"https:\/\/archive.sana.sy\/es\/index.php?rest_route=%2Fwp%2Fv2%2Fcomments&post=74736"}],"version-history":[{"count":0,"href":"https:\/\/archive.sana.sy\/es\/index.php?rest_route=\/wp\/v2\/posts\/74736\/revisions"}],"wp:featuredmedia":[{"embeddable":true,"href":"https:\/\/archive.sana.sy\/es\/index.php?rest_route=\/wp\/v2\/media\/74737"}],"wp:attachment":[{"href":"https:\/\/archive.sana.sy\/es\/index.php?rest_route=%2Fwp%2Fv2%2Fmedia&parent=74736"}],"wp:term":[{"taxonomy":"category","embeddable":true,"href":"https:\/\/archive.sana.sy\/es\/index.php?rest_route=%2Fwp%2Fv2%2Fcategories&post=74736"},{"taxonomy":"post_tag","embeddable":true,"href":"https:\/\/archive.sana.sy\/es\/index.php?rest_route=%2Fwp%2Fv2%2Ftags&post=74736"}],"curies":[{"name":"wp","href":"https:\/\/api.w.org\/{rel}","templated":true}]}}