{"id":74740,"date":"2017-12-28T21:04:59","date_gmt":"2017-12-28T19:04:59","guid":{"rendered":"https:\/\/www.sana.sy\/es\/?p=74740"},"modified":"2017-12-28T21:04:59","modified_gmt":"2017-12-28T19:04:59","slug":"sabbag-afirma-a-una-delegacion-deportiva-arabe-que-siria-es-firme-y-cuenta-con-la-voluntad-de-los-pueblos-arabes","status":"publish","type":"post","link":"https:\/\/archive.sana.sy\/es\/?p=74740","title":{"rendered":"Sabbag afirma a una delegaci\u00f3n deportiva \u00e1rabe que Siria es firme y cuenta con la voluntad de los pueblos \u00e1rabes"},"content":{"rendered":"<p>&nbsp;<\/p>\n<p><span style=\"color: #800000;\">Damasco-SANA<\/span><\/p>\n<p>El presidente del parlamento, Hamouda Sabbag, afirm\u00f3 durante su encuentro con una delegaci\u00f3n informativa deportiva \u00e1rabe que Siria se mantendr\u00eda firme y volver\u00eda mejor que antes de la guerra terrorista.<\/p>\n<p>El presidente del parlamento aludi\u00f3 a la importancia de las visitas realizadas por las delegaciones \u00e1rabes y extranjeras para conocer la realidad de lo que sufre Siria de crimines cometidos a manos de los grupos terroristas, y transmitir esta realidad a sus pueblos, y se\u00f1al\u00f3 que los enemigos de Siria fracasaron en atacar la soberan\u00eda de Siria gracias a la firmeza del pueblo y el Ej\u00e9rcito sirio.<\/p>\n<p>Sabbag subray\u00f3 el papel de los periodistas dignos que transmitieron la imagen verdadera de los acontecimientos, a\u00f1adiendo que Siria siempre cuenta con la voluntad de los pueblos \u00e1rabes que rechazan las pol\u00edticas de hegemon\u00eda que las potencias occidentales y sionistas intentan imponer en la regi\u00f3n.<\/p>\n<p>Por su parte, el jefe de la delegaci\u00f3n Saleh al Rashed se\u00f1al\u00f3 que el objetivo de esta visita a Siria es mostrar un apoyo contra las potencias occidentales y algunos reg\u00edmenes \u00e1rabes y regionales, afirmando que entregar\u00e1n un informe al Comit\u00e9 Ol\u00edmpico Internacional, y a la FIFA sobre las observaciones de la delegaci\u00f3n durante su visita a Siria.<\/p>\n<p><span style=\"color: #0000ff;\">Akram. S<\/span><\/p>\n","protected":false},"excerpt":{"rendered":"<p>&nbsp; Damasco-SANA El presidente del parlamento, Hamouda Sabbag, afirm\u00f3 durante su encuentro con una delegaci\u00f3n informativa deportiva \u00e1rabe que Siria se mantendr\u00eda firme y volver\u00eda mejor que antes de la guerra terrorista. El presidente del parlamento aludi\u00f3 a la importancia de las visitas realizadas por las delegaciones \u00e1rabes y extranjeras para conocer la realidad de &hellip;<\/p>\n","protected":false},"author":1,"featured_media":74741,"comment_status":"closed","ping_status":"closed","sticky":false,"template":"","format":"standard","meta":{"footnotes":""},"categories":[597,476,7541],"tags":[],"class_list":["post-74740","post","type-post","status-publish","format-standard","has-post-thumbnail","","category-cinta-de-noticias","category-locales","category-ultimas-noticias"],"_links":{"self":[{"href":"https:\/\/archive.sana.sy\/es\/index.php?rest_route=\/wp\/v2\/posts\/74740"}],"collection":[{"href":"https:\/\/archive.sana.sy\/es\/index.php?rest_route=\/wp\/v2\/posts"}],"about":[{"href":"https:\/\/archive.sana.sy\/es\/index.php?rest_route=\/wp\/v2\/types\/post"}],"author":[{"embeddable":true,"href":"https:\/\/archive.sana.sy\/es\/index.php?rest_route=\/wp\/v2\/users\/1"}],"replies":[{"embeddable":true,"href":"https:\/\/archive.sana.sy\/es\/index.php?rest_route=%2Fwp%2Fv2%2Fcomments&post=74740"}],"version-history":[{"count":0,"href":"https:\/\/archive.sana.sy\/es\/index.php?rest_route=\/wp\/v2\/posts\/74740\/revisions"}],"wp:featuredmedia":[{"embeddable":true,"href":"https:\/\/archive.sana.sy\/es\/index.php?rest_route=\/wp\/v2\/media\/74741"}],"wp:attachment":[{"href":"https:\/\/archive.sana.sy\/es\/index.php?rest_route=%2Fwp%2Fv2%2Fmedia&parent=74740"}],"wp:term":[{"taxonomy":"category","embeddable":true,"href":"https:\/\/archive.sana.sy\/es\/index.php?rest_route=%2Fwp%2Fv2%2Fcategories&post=74740"},{"taxonomy":"post_tag","embeddable":true,"href":"https:\/\/archive.sana.sy\/es\/index.php?rest_route=%2Fwp%2Fv2%2Ftags&post=74740"}],"curies":[{"name":"wp","href":"https:\/\/api.w.org\/{rel}","templated":true}]}}