{"id":74849,"date":"2017-12-31T14:23:28","date_gmt":"2017-12-31T12:23:28","guid":{"rendered":"https:\/\/www.sana.sy\/es\/?p=74849"},"modified":"2017-12-31T18:58:20","modified_gmt":"2017-12-31T16:58:20","slug":"el-frente-nacional-progresista-celebra-su-reunion-periodica","status":"publish","type":"post","link":"https:\/\/archive.sana.sy\/es\/?p=74849","title":{"rendered":"El Frente Nacional Progresista celebra su reuni\u00f3n peri\u00f3dica"},"content":{"rendered":"<p><span style=\"color: #800000\">Damasco, SANA<\/span><\/p>\n<p>La Direcci\u00f3n Central del Frente Nacional Progresista ha reafirmado el rol conferido a ella por ser un soporte b\u00e1sico de la acci\u00f3n pol\u00edtica y la construcci\u00f3n democr\u00e1tica nacional en Siria, as\u00ed como ha reafirmado la postura s\u00f3lida de Siria en el plano pol\u00edtico y militar bajo el mando del presidente Bashar al-Assad, la cual consiste en la determinaci\u00f3n de liberar el suelo patrio del terrorismo y responder positivamente a las iniciativas de la soluci\u00f3n pol\u00edtica de la crisis acorde a las constantes nacionales.<\/p>\n<p>En la reuni\u00f3n peri\u00f3dica encabezada por su presidente\u00a0 Omr\u00e1n al-Zoebi, el Frente estim\u00f3 altamente los sacrificios del ej\u00e9rcito \u00e1rabe sirio y las fuerzas aliadas y coligadas frente al terrorismo, e hizo alusi\u00f3n a las medidas de rehabilitaci\u00f3n de la infraestructura en las zonas estabilizadas por el ej\u00e9rcito para facilitar el retorno de la poblaci\u00f3n desplazada.<\/p>\n<p>Por su parte el secretario regional adjunto del partido Baaz\u00a0 \u00c1rabe Socialista, Hilal al-Hilal llam\u00f3 a multiplicar los esfuerzos en esta etapa al servicio de las causas nacionales y pan\u00e1rabes.<\/p>\n<p>A su vez el presidente del Consejo de Ministros, Imad Khamis, hizo una exposici\u00f3n sobre la acci\u00f3n del gobierno en todas las zonas, sobre todo aquellas depuradas del terrorismo.<\/p>\n<p>Por \u00faltimo el vicepresidente del Consejo de Ministros y ministro de Exteriores y Expatriados, Walid al-Mualem, present\u00f3 una panor\u00e1mica pol\u00edtica sobre las \u00faltimas evoluciones a luz de los triunfos del ej\u00e9rcito y las posturas de los reg\u00edmenes copart\u00edcipes en la guerra sobre Siria al servicio de planes sio-estadounidenses.<\/p>\n<p><span style=\"color: #0000ff\">Riad Sh.\/ Dr. A. Shaban<\/span><\/p>\n","protected":false},"excerpt":{"rendered":"<p>Damasco, SANA La Direcci\u00f3n Central del Frente Nacional Progresista ha reafirmado el rol conferido a ella por ser un soporte b\u00e1sico de la acci\u00f3n pol\u00edtica y la construcci\u00f3n democr\u00e1tica nacional en Siria, as\u00ed como ha reafirmado la postura s\u00f3lida de Siria en el plano pol\u00edtico y militar bajo el mando del presidente Bashar al-Assad, la &hellip;<\/p>\n","protected":false},"author":1,"featured_media":74850,"comment_status":"closed","ping_status":"closed","sticky":false,"template":"","format":"standard","meta":{"footnotes":""},"categories":[1],"tags":[11297],"class_list":["post-74849","post","type-post","status-publish","format-standard","has-post-thumbnail","","category-news-not-sorted","tag-el-frente-nacional-progresista-celebra-su-reunion-periodica"],"_links":{"self":[{"href":"https:\/\/archive.sana.sy\/es\/index.php?rest_route=\/wp\/v2\/posts\/74849"}],"collection":[{"href":"https:\/\/archive.sana.sy\/es\/index.php?rest_route=\/wp\/v2\/posts"}],"about":[{"href":"https:\/\/archive.sana.sy\/es\/index.php?rest_route=\/wp\/v2\/types\/post"}],"author":[{"embeddable":true,"href":"https:\/\/archive.sana.sy\/es\/index.php?rest_route=\/wp\/v2\/users\/1"}],"replies":[{"embeddable":true,"href":"https:\/\/archive.sana.sy\/es\/index.php?rest_route=%2Fwp%2Fv2%2Fcomments&post=74849"}],"version-history":[{"count":0,"href":"https:\/\/archive.sana.sy\/es\/index.php?rest_route=\/wp\/v2\/posts\/74849\/revisions"}],"wp:featuredmedia":[{"embeddable":true,"href":"https:\/\/archive.sana.sy\/es\/index.php?rest_route=\/wp\/v2\/media\/74850"}],"wp:attachment":[{"href":"https:\/\/archive.sana.sy\/es\/index.php?rest_route=%2Fwp%2Fv2%2Fmedia&parent=74849"}],"wp:term":[{"taxonomy":"category","embeddable":true,"href":"https:\/\/archive.sana.sy\/es\/index.php?rest_route=%2Fwp%2Fv2%2Fcategories&post=74849"},{"taxonomy":"post_tag","embeddable":true,"href":"https:\/\/archive.sana.sy\/es\/index.php?rest_route=%2Fwp%2Fv2%2Ftags&post=74849"}],"curies":[{"name":"wp","href":"https:\/\/api.w.org\/{rel}","templated":true}]}}