{"id":74853,"date":"2017-12-31T17:49:31","date_gmt":"2017-12-31T15:49:31","guid":{"rendered":"https:\/\/www.sana.sy\/es\/?p=74853"},"modified":"2017-12-31T17:49:31","modified_gmt":"2017-12-31T15:49:31","slug":"ffaa-liberan-varios-poblados-y-colinas-en-la-provincia-de-hama","status":"publish","type":"post","link":"https:\/\/archive.sana.sy\/es\/?p=74853","title":{"rendered":"FFAA liberan varios poblados y colinas en la provincia de Hama"},"content":{"rendered":"<p>Hama-SANA<\/p>\n<p>Una fuente militar ha confirmado hoy que el ej\u00e9rcito ha retomado el control del poblado de Atshan y otros 4 poblados as\u00ed como varias colinas estrat\u00e9gicas en el campo noreste de la provincia de Hama.<\/p>\n<p>La fuente detall\u00f3 que el ej\u00e9rcito y las fuerzas populares durante su ofensiva militar contra elementos de la organizaci\u00f3n terrorista del Frente Al-Nusra en el campo noreste de Hama, liberaron los poblados de Atshan, Hamdanieh, Salumieh, Abu Omar y Naserieh.<\/p>\n<p>Agrega que el ej\u00e9rcito tambi\u00e9n arrebat\u00f3 a los terroristas las colinas estrat\u00e9gicas de Zaatar, Mareq y Yadouaa.<\/p>\n<p>\u00a8Los zapadores del ej\u00e9rcito han comenzado operaciones de barrido para buscar artefactos explosivos y minas que sembraron los terroristas en los barrios y calles de los poblados con el fin de neutralizarlos\u00a8, afirma la fuente.<\/p>\n<p>Y.K.<\/p>\n","protected":false},"excerpt":{"rendered":"<p>Hama-SANA Una fuente militar ha confirmado hoy que el ej\u00e9rcito ha retomado el control del poblado de Atshan y otros 4 poblados as\u00ed como varias colinas estrat\u00e9gicas en el campo noreste de la provincia de Hama. La fuente detall\u00f3 que el ej\u00e9rcito y las fuerzas populares durante su ofensiva militar contra elementos de la organizaci\u00f3n &hellip;<\/p>\n","protected":false},"author":1,"featured_media":74854,"comment_status":"closed","ping_status":"closed","sticky":false,"template":"","format":"standard","meta":{"footnotes":""},"categories":[573,583],"tags":[],"class_list":["post-74853","post","type-post","status-publish","format-standard","has-post-thumbnail","","category-la-realidad-de-los-acontecimientos-en-siria","category-slide"],"_links":{"self":[{"href":"https:\/\/archive.sana.sy\/es\/index.php?rest_route=\/wp\/v2\/posts\/74853"}],"collection":[{"href":"https:\/\/archive.sana.sy\/es\/index.php?rest_route=\/wp\/v2\/posts"}],"about":[{"href":"https:\/\/archive.sana.sy\/es\/index.php?rest_route=\/wp\/v2\/types\/post"}],"author":[{"embeddable":true,"href":"https:\/\/archive.sana.sy\/es\/index.php?rest_route=\/wp\/v2\/users\/1"}],"replies":[{"embeddable":true,"href":"https:\/\/archive.sana.sy\/es\/index.php?rest_route=%2Fwp%2Fv2%2Fcomments&post=74853"}],"version-history":[{"count":0,"href":"https:\/\/archive.sana.sy\/es\/index.php?rest_route=\/wp\/v2\/posts\/74853\/revisions"}],"wp:featuredmedia":[{"embeddable":true,"href":"https:\/\/archive.sana.sy\/es\/index.php?rest_route=\/wp\/v2\/media\/74854"}],"wp:attachment":[{"href":"https:\/\/archive.sana.sy\/es\/index.php?rest_route=%2Fwp%2Fv2%2Fmedia&parent=74853"}],"wp:term":[{"taxonomy":"category","embeddable":true,"href":"https:\/\/archive.sana.sy\/es\/index.php?rest_route=%2Fwp%2Fv2%2Fcategories&post=74853"},{"taxonomy":"post_tag","embeddable":true,"href":"https:\/\/archive.sana.sy\/es\/index.php?rest_route=%2Fwp%2Fv2%2Ftags&post=74853"}],"curies":[{"name":"wp","href":"https:\/\/api.w.org\/{rel}","templated":true}]}}