{"id":74867,"date":"2017-12-31T20:34:26","date_gmt":"2017-12-31T18:34:26","guid":{"rendered":"https:\/\/www.sana.sy\/es\/?p=74867"},"modified":"2017-12-31T20:34:26","modified_gmt":"2017-12-31T18:34:26","slug":"al-shaar-remarca-la-continuidad-de-la-lucha-contra-el-terrorismo-hasta-establecer-la-seguridad-en-todo-del-territorio-sirio","status":"publish","type":"post","link":"https:\/\/archive.sana.sy\/es\/?p=74867","title":{"rendered":"Al Shaar remarca la continuidad de la lucha contra el terrorismo hasta establecer la seguridad en todo del territorio sirio"},"content":{"rendered":"<p><span style=\"color: #800000;\">Damasco-SANA<\/span><\/p>\n<p>El ministro del Interior, el mayor general Muhammed al Shaar, subray\u00f3 la continuidad de la lucha contra el terrorismo hasta liberar todo el territorio sirio y restablecer la seguridad bajo el liderazgo del presidente Bashar al Assad.<\/p>\n<p>El ministro al Shaar se\u00f1al\u00f3 la importancia de desarrollar las aptitudes f\u00edsicas, militares, y de conducta, y aclar\u00f3 que la fe, la fuerza de la voluntad, la buena formaci\u00f3n, el patriotismo, y la buena moral y \u00e9tica son las bases fundamentales para conseguir la victoria.<\/p>\n<p>El ministro del Interior a\u00f1adi\u00f3 que las tareas asumidas por las fuerzas de seguridad interna son enormes porque libran dos batallas al mismo tiempo, por una parte luchan contra el terrorismo junto al Ej\u00e9rcito sirio, y por la otra es mantener el orden y proteger a los ciudadanos y a sus propiedades.<\/p>\n<p>&nbsp;<\/p>\n<p><span style=\"color: #0000ff;\">Akram. S<\/span><\/p>\n","protected":false},"excerpt":{"rendered":"<p>Damasco-SANA El ministro del Interior, el mayor general Muhammed al Shaar, subray\u00f3 la continuidad de la lucha contra el terrorismo hasta liberar todo el territorio sirio y restablecer la seguridad bajo el liderazgo del presidente Bashar al Assad. El ministro al Shaar se\u00f1al\u00f3 la importancia de desarrollar las aptitudes f\u00edsicas, militares, y de conducta, y &hellip;<\/p>\n","protected":false},"author":1,"featured_media":74868,"comment_status":"closed","ping_status":"closed","sticky":false,"template":"","format":"standard","meta":{"footnotes":""},"categories":[597,476,7541],"tags":[],"class_list":["post-74867","post","type-post","status-publish","format-standard","has-post-thumbnail","","category-cinta-de-noticias","category-locales","category-ultimas-noticias"],"_links":{"self":[{"href":"https:\/\/archive.sana.sy\/es\/index.php?rest_route=\/wp\/v2\/posts\/74867"}],"collection":[{"href":"https:\/\/archive.sana.sy\/es\/index.php?rest_route=\/wp\/v2\/posts"}],"about":[{"href":"https:\/\/archive.sana.sy\/es\/index.php?rest_route=\/wp\/v2\/types\/post"}],"author":[{"embeddable":true,"href":"https:\/\/archive.sana.sy\/es\/index.php?rest_route=\/wp\/v2\/users\/1"}],"replies":[{"embeddable":true,"href":"https:\/\/archive.sana.sy\/es\/index.php?rest_route=%2Fwp%2Fv2%2Fcomments&post=74867"}],"version-history":[{"count":0,"href":"https:\/\/archive.sana.sy\/es\/index.php?rest_route=\/wp\/v2\/posts\/74867\/revisions"}],"wp:featuredmedia":[{"embeddable":true,"href":"https:\/\/archive.sana.sy\/es\/index.php?rest_route=\/wp\/v2\/media\/74868"}],"wp:attachment":[{"href":"https:\/\/archive.sana.sy\/es\/index.php?rest_route=%2Fwp%2Fv2%2Fmedia&parent=74867"}],"wp:term":[{"taxonomy":"category","embeddable":true,"href":"https:\/\/archive.sana.sy\/es\/index.php?rest_route=%2Fwp%2Fv2%2Fcategories&post=74867"},{"taxonomy":"post_tag","embeddable":true,"href":"https:\/\/archive.sana.sy\/es\/index.php?rest_route=%2Fwp%2Fv2%2Ftags&post=74867"}],"curies":[{"name":"wp","href":"https:\/\/api.w.org\/{rel}","templated":true}]}}