{"id":74877,"date":"2018-01-01T14:09:56","date_gmt":"2018-01-01T12:09:56","guid":{"rendered":"https:\/\/www.sana.sy\/es\/?p=74877"},"modified":"2018-01-02T10:37:49","modified_gmt":"2018-01-02T08:37:49","slug":"74877","status":"publish","type":"post","link":"https:\/\/archive.sana.sy\/es\/?p=74877","title":{"rendered":"Fuerzas de ocupaci\u00f3n israel\u00edes detienen a 26 palestinos en Cisjordania"},"content":{"rendered":"<p><span style=\"color: #800000;\">Jerusal\u00e9n ocupada, SANA<\/span><\/p>\n<p>Las fuerzas de ocupaci\u00f3n israel\u00edes lanzaron varias campa\u00f1as de allanamiento y detuvieron a 26 palestinos en diferentes partes de Cisjordania.<\/p>\n<p>Entre los palestinos detenidos hay un ni\u00f1o, seg\u00fan anunciaron medios palestinos.<\/p>\n<p>Agregaron que las tropas sionistas allanaron en los poblados de Tulkarem, Zeita, Salfit y Aisawyeh.<\/p>\n<p>En la jornada del d\u00eda anterior, las fuerzas israel\u00edes hab\u00edan arrestados a 17 palestinos durante redadas e incursiones en Jerusal\u00e9n ocupada, Nablus y Jenin.<\/p>\n<p><span style=\"color: #0000ff;\">F. Marouf\/ Dr. A. Shaban<\/span><\/p>\n","protected":false},"excerpt":{"rendered":"<p>Jerusal\u00e9n ocupada, SANA Las fuerzas de ocupaci\u00f3n israel\u00edes lanzaron varias campa\u00f1as de allanamiento y detuvieron a 26 palestinos en diferentes partes de Cisjordania. Entre los palestinos detenidos hay un ni\u00f1o, seg\u00fan anunciaron medios palestinos. Agregaron que las tropas sionistas allanaron en los poblados de Tulkarem, Zeita, Salfit y Aisawyeh. En la jornada del d\u00eda anterior, &hellip;<\/p>\n","protected":false},"author":1,"featured_media":74878,"comment_status":"closed","ping_status":"closed","sticky":false,"template":"","format":"standard","meta":{"footnotes":""},"categories":[597,456,7541],"tags":[11299],"class_list":["post-74877","post","type-post","status-publish","format-standard","has-post-thumbnail","","category-cinta-de-noticias","category-arabe-internacional-politica","category-ultimas-noticias","tag-fuerzas-de-ocupacion-israelies-detienen-a-26-palestinos-en-cisjordania"],"_links":{"self":[{"href":"https:\/\/archive.sana.sy\/es\/index.php?rest_route=\/wp\/v2\/posts\/74877"}],"collection":[{"href":"https:\/\/archive.sana.sy\/es\/index.php?rest_route=\/wp\/v2\/posts"}],"about":[{"href":"https:\/\/archive.sana.sy\/es\/index.php?rest_route=\/wp\/v2\/types\/post"}],"author":[{"embeddable":true,"href":"https:\/\/archive.sana.sy\/es\/index.php?rest_route=\/wp\/v2\/users\/1"}],"replies":[{"embeddable":true,"href":"https:\/\/archive.sana.sy\/es\/index.php?rest_route=%2Fwp%2Fv2%2Fcomments&post=74877"}],"version-history":[{"count":0,"href":"https:\/\/archive.sana.sy\/es\/index.php?rest_route=\/wp\/v2\/posts\/74877\/revisions"}],"wp:featuredmedia":[{"embeddable":true,"href":"https:\/\/archive.sana.sy\/es\/index.php?rest_route=\/wp\/v2\/media\/74878"}],"wp:attachment":[{"href":"https:\/\/archive.sana.sy\/es\/index.php?rest_route=%2Fwp%2Fv2%2Fmedia&parent=74877"}],"wp:term":[{"taxonomy":"category","embeddable":true,"href":"https:\/\/archive.sana.sy\/es\/index.php?rest_route=%2Fwp%2Fv2%2Fcategories&post=74877"},{"taxonomy":"post_tag","embeddable":true,"href":"https:\/\/archive.sana.sy\/es\/index.php?rest_route=%2Fwp%2Fv2%2Ftags&post=74877"}],"curies":[{"name":"wp","href":"https:\/\/api.w.org\/{rel}","templated":true}]}}