{"id":74888,"date":"2018-01-01T18:38:31","date_gmt":"2018-01-01T16:38:31","guid":{"rendered":"https:\/\/www.sana.sy\/es\/?p=74888"},"modified":"2018-01-01T18:38:31","modified_gmt":"2018-01-01T16:38:31","slug":"fuerzas-iraquies-lanzan-ofensiva-en-la-provincia-de-salahidino","status":"publish","type":"post","link":"https:\/\/archive.sana.sy\/es\/?p=74888","title":{"rendered":"Fuerzas iraqu\u00edes lanzan ofensiva en la provincia de Salahidino"},"content":{"rendered":"<p>Bagdad-SANA<\/p>\n<p>Las fuerzas de Irak lanzaron hoy una ofensiva conjunta para limpiar tres zonas en Samraa, provincia de Salahidino de c\u00e9lulas terroristas de DAESH.<\/p>\n<p>El comando de las operaciones de Sameraa dijo en un comunicado que fuerzas de comando y la polic\u00eda federal, secundados por la Fuerza A\u00e9rea han iniciado una operaci\u00f3n militar para limpiar las zonas de Farhanieh, Rafiaat, y Sayed Gharib de elementos terroristas pertenecientes a la organizaci\u00f3n terroristas del EIIL<\/p>\n<p>\u00a8La ofensiva se produce tras dos ataques terroristas contra civiles en la zona que dejaron un saldo de 5 muertos y 15 heridos.<\/p>\n<p>Y.K.<\/p>\n","protected":false},"excerpt":{"rendered":"<p>Bagdad-SANA Las fuerzas de Irak lanzaron hoy una ofensiva conjunta para limpiar tres zonas en Samraa, provincia de Salahidino de c\u00e9lulas terroristas de DAESH. El comando de las operaciones de Sameraa dijo en un comunicado que fuerzas de comando y la polic\u00eda federal, secundados por la Fuerza A\u00e9rea han iniciado una operaci\u00f3n militar para limpiar &hellip;<\/p>\n","protected":false},"author":1,"featured_media":74889,"comment_status":"closed","ping_status":"closed","sticky":false,"template":"","format":"standard","meta":{"footnotes":""},"categories":[456,7541],"tags":[],"class_list":["post-74888","post","type-post","status-publish","format-standard","has-post-thumbnail","","category-arabe-internacional-politica","category-ultimas-noticias"],"_links":{"self":[{"href":"https:\/\/archive.sana.sy\/es\/index.php?rest_route=\/wp\/v2\/posts\/74888"}],"collection":[{"href":"https:\/\/archive.sana.sy\/es\/index.php?rest_route=\/wp\/v2\/posts"}],"about":[{"href":"https:\/\/archive.sana.sy\/es\/index.php?rest_route=\/wp\/v2\/types\/post"}],"author":[{"embeddable":true,"href":"https:\/\/archive.sana.sy\/es\/index.php?rest_route=\/wp\/v2\/users\/1"}],"replies":[{"embeddable":true,"href":"https:\/\/archive.sana.sy\/es\/index.php?rest_route=%2Fwp%2Fv2%2Fcomments&post=74888"}],"version-history":[{"count":0,"href":"https:\/\/archive.sana.sy\/es\/index.php?rest_route=\/wp\/v2\/posts\/74888\/revisions"}],"wp:featuredmedia":[{"embeddable":true,"href":"https:\/\/archive.sana.sy\/es\/index.php?rest_route=\/wp\/v2\/media\/74889"}],"wp:attachment":[{"href":"https:\/\/archive.sana.sy\/es\/index.php?rest_route=%2Fwp%2Fv2%2Fmedia&parent=74888"}],"wp:term":[{"taxonomy":"category","embeddable":true,"href":"https:\/\/archive.sana.sy\/es\/index.php?rest_route=%2Fwp%2Fv2%2Fcategories&post=74888"},{"taxonomy":"post_tag","embeddable":true,"href":"https:\/\/archive.sana.sy\/es\/index.php?rest_route=%2Fwp%2Fv2%2Ftags&post=74888"}],"curies":[{"name":"wp","href":"https:\/\/api.w.org\/{rel}","templated":true}]}}