{"id":74895,"date":"2018-01-02T09:39:22","date_gmt":"2018-01-02T07:39:22","guid":{"rendered":"https:\/\/www.sana.sy\/es\/?p=74895"},"modified":"2018-01-02T10:53:05","modified_gmt":"2018-01-02T08:53:05","slug":"organizan-acto-de-apoyo-a-la-causa-palestina-en-el-sur-de-damasco","status":"publish","type":"post","link":"https:\/\/archive.sana.sy\/es\/?p=74895","title":{"rendered":"Organizan acto de apoyo a la Causa Palestina en el sur de Damasco"},"content":{"rendered":"<p><span style=\"color: #800000;\">Damasco-campo, SANA<\/span><\/p>\n<p>Cintos de ciudadanos sirios y palestinos organizaron un acto para manifestar el apoyo a la Causa Palestina y para saludar las victorias del Ej\u00e9rcito sirio contra el terrorismo.<\/p>\n<p>Los participantes en el acto que se organiz\u00f3 bajo el lema: \u201cNuestra cita es en Jerusal\u00e9n\u201d, manifestaron \u00a0su desacuerdo con la decisi\u00f3n del presidente de Estados Unidos, Donald Trump, de reconocer a Jerusal\u00e9n como capital de Israel, y reiteraron su apoyo al Ej\u00e9rcito sirio en su guerra contra el terrorismo.<\/p>\n<p>El acto fue organizado por iniciativa del Secretariado del Partido Baath en la provincia de Damasco-campo, en la Iglesia de San Jorge para Greco-Ortodoxos en la ciudad de Jedeidet Artuz al sur de Damasco.<\/p>\n<p>\u201cSiria es cuna de las civilizaciones y las religiones celestiales y va a derrotar el terrorismo y volver a la normalidad como antes gracias a los sacrificios del ej\u00e9rcito y la sabidur\u00eda de liderazgo sirio\u201d, dijo el obispo de la iglesia Juan Ruzek.<\/p>\n<p>Agreg\u00f3 que este acto es una expresi\u00f3n del rechazo de los sirios a las decisiones del presidente de Estados Unidos, que ser\u00eda destinada al fracaso.<\/p>\n<p><span style=\"color: #0000ff;\">F. Marouf\/Dr. A. Shaban<\/span><\/p>\n","protected":false},"excerpt":{"rendered":"<p>Damasco-campo, SANA Cintos de ciudadanos sirios y palestinos organizaron un acto para manifestar el apoyo a la Causa Palestina y para saludar las victorias del Ej\u00e9rcito sirio contra el terrorismo. Los participantes en el acto que se organiz\u00f3 bajo el lema: \u201cNuestra cita es en Jerusal\u00e9n\u201d, manifestaron \u00a0su desacuerdo con la decisi\u00f3n del presidente de &hellip;<\/p>\n","protected":false},"author":1,"featured_media":74896,"comment_status":"closed","ping_status":"closed","sticky":false,"template":"","format":"standard","meta":{"footnotes":""},"categories":[597,456,7541],"tags":[11300],"class_list":["post-74895","post","type-post","status-publish","format-standard","has-post-thumbnail","","category-cinta-de-noticias","category-arabe-internacional-politica","category-ultimas-noticias","tag-organizan-acto-de-apoyo-a-la-causa-palestina-en-el-sur-de-damasco"],"_links":{"self":[{"href":"https:\/\/archive.sana.sy\/es\/index.php?rest_route=\/wp\/v2\/posts\/74895"}],"collection":[{"href":"https:\/\/archive.sana.sy\/es\/index.php?rest_route=\/wp\/v2\/posts"}],"about":[{"href":"https:\/\/archive.sana.sy\/es\/index.php?rest_route=\/wp\/v2\/types\/post"}],"author":[{"embeddable":true,"href":"https:\/\/archive.sana.sy\/es\/index.php?rest_route=\/wp\/v2\/users\/1"}],"replies":[{"embeddable":true,"href":"https:\/\/archive.sana.sy\/es\/index.php?rest_route=%2Fwp%2Fv2%2Fcomments&post=74895"}],"version-history":[{"count":0,"href":"https:\/\/archive.sana.sy\/es\/index.php?rest_route=\/wp\/v2\/posts\/74895\/revisions"}],"wp:featuredmedia":[{"embeddable":true,"href":"https:\/\/archive.sana.sy\/es\/index.php?rest_route=\/wp\/v2\/media\/74896"}],"wp:attachment":[{"href":"https:\/\/archive.sana.sy\/es\/index.php?rest_route=%2Fwp%2Fv2%2Fmedia&parent=74895"}],"wp:term":[{"taxonomy":"category","embeddable":true,"href":"https:\/\/archive.sana.sy\/es\/index.php?rest_route=%2Fwp%2Fv2%2Fcategories&post=74895"},{"taxonomy":"post_tag","embeddable":true,"href":"https:\/\/archive.sana.sy\/es\/index.php?rest_route=%2Fwp%2Fv2%2Ftags&post=74895"}],"curies":[{"name":"wp","href":"https:\/\/api.w.org\/{rel}","templated":true}]}}