{"id":74901,"date":"2018-01-02T12:31:31","date_gmt":"2018-01-02T10:31:31","guid":{"rendered":"https:\/\/www.sana.sy\/es\/?p=74901"},"modified":"2018-01-02T15:47:12","modified_gmt":"2018-01-02T13:47:12","slug":"los-grupos-armados-violan-nuevamente-el-acuerdo-de-distension-en-la-ghouta-oriental","status":"publish","type":"post","link":"https:\/\/archive.sana.sy\/es\/?p=74901","title":{"rendered":"Los grupos armados violan nuevamente el acuerdo de distensi\u00f3n en la Ghouta Oriental"},"content":{"rendered":"<p><span style=\"color: #800000\">Rif-Dimashq-SANA<\/span><\/p>\n<p>Los grupos armados han vuelto a violar el Acuerdo de la zona de Distensi\u00f3n en la Ghouta Oriental al disparar proyectiles contra el distrito de Dahiet Harasta en Rif-Dimashq.<\/p>\n<p>Una fuente en la Comandancia de Polic\u00eda en Rif-Dimashq dijo a SANA que un civil ha resultado herido da\u00f1os materiales se han producido en el lugar donde impactaron dos ob\u00fas de mortero lanzado por los grupos armados atrincherados en algunas zonas de la Gouta Oriental.<\/p>\n<p>Es de se\u00f1alar que ayer una persona cay\u00f3 m\u00e1rtir y otras dos resultaron heridas a causa de 15 proyectiles lanzados por los grupos armados, mientras una mujer fue herida en el barrio de Jaramana por un ob\u00fas. Por otra parte se produjeron da\u00f1os materiales a causa del impacto de proyectiles en la periferia del campo Wafidin en las cercan\u00edas de Harasta.<\/p>\n<p>Adem\u00e1s el reportero de SANA dijo que unidades del ej\u00e9rcito \u00e1rabe sirio respondieron a los ataques en el profundo de la Gouta Oriental que caus\u00f3 destruir varios lanzadores de misiles y la perdida en las filas de los grupos armados.<\/p>\n<p>Cabe mencionar que el comando general del ej\u00e9rcito y las fuerzas armadas anunci\u00f3 en el 22 de junio pasado el cese de hostilidades en varias zonas de la Gouta Oriental en Rif- Dimashq confirmando en el mismo tiempo que cualquier violaci\u00f3n ser\u00e1 respondida de forma apropiada.<\/p>\n<p><span style=\"color: #0000ff\">Dr. Ahmad Shaban<\/span><\/p>\n","protected":false},"excerpt":{"rendered":"<p>Rif-Dimashq-SANA Los grupos armados han vuelto a violar el Acuerdo de la zona de Distensi\u00f3n en la Ghouta Oriental al disparar proyectiles contra el distrito de Dahiet Harasta en Rif-Dimashq. Una fuente en la Comandancia de Polic\u00eda en Rif-Dimashq dijo a SANA que un civil ha resultado herido da\u00f1os materiales se han producido en el &hellip;<\/p>\n","protected":false},"author":1,"featured_media":74902,"comment_status":"closed","ping_status":"closed","sticky":false,"template":"","format":"standard","meta":{"footnotes":""},"categories":[597,573,583,7541],"tags":[11301],"class_list":["post-74901","post","type-post","status-publish","format-standard","has-post-thumbnail","","category-cinta-de-noticias","category-la-realidad-de-los-acontecimientos-en-siria","category-slide","category-ultimas-noticias","tag-los-grupos-armados-violan-nuevamente-el-acuerdo-de-distension-en-la-ghouta-oriental"],"_links":{"self":[{"href":"https:\/\/archive.sana.sy\/es\/index.php?rest_route=\/wp\/v2\/posts\/74901"}],"collection":[{"href":"https:\/\/archive.sana.sy\/es\/index.php?rest_route=\/wp\/v2\/posts"}],"about":[{"href":"https:\/\/archive.sana.sy\/es\/index.php?rest_route=\/wp\/v2\/types\/post"}],"author":[{"embeddable":true,"href":"https:\/\/archive.sana.sy\/es\/index.php?rest_route=\/wp\/v2\/users\/1"}],"replies":[{"embeddable":true,"href":"https:\/\/archive.sana.sy\/es\/index.php?rest_route=%2Fwp%2Fv2%2Fcomments&post=74901"}],"version-history":[{"count":0,"href":"https:\/\/archive.sana.sy\/es\/index.php?rest_route=\/wp\/v2\/posts\/74901\/revisions"}],"wp:featuredmedia":[{"embeddable":true,"href":"https:\/\/archive.sana.sy\/es\/index.php?rest_route=\/wp\/v2\/media\/74902"}],"wp:attachment":[{"href":"https:\/\/archive.sana.sy\/es\/index.php?rest_route=%2Fwp%2Fv2%2Fmedia&parent=74901"}],"wp:term":[{"taxonomy":"category","embeddable":true,"href":"https:\/\/archive.sana.sy\/es\/index.php?rest_route=%2Fwp%2Fv2%2Fcategories&post=74901"},{"taxonomy":"post_tag","embeddable":true,"href":"https:\/\/archive.sana.sy\/es\/index.php?rest_route=%2Fwp%2Fv2%2Ftags&post=74901"}],"curies":[{"name":"wp","href":"https:\/\/api.w.org\/{rel}","templated":true}]}}