{"id":74919,"date":"2018-01-02T17:34:21","date_gmt":"2018-01-02T15:34:21","guid":{"rendered":"https:\/\/www.sana.sy\/es\/?p=74919"},"modified":"2018-01-02T17:34:21","modified_gmt":"2018-01-02T15:34:21","slug":"muertos-y-heridos-yemenies-en-nuevo-bombardeo-saudi","status":"publish","type":"post","link":"https:\/\/archive.sana.sy\/es\/?p=74919","title":{"rendered":"Muertos y heridos yemen\u00edes en nuevo bombardeo saud\u00ed"},"content":{"rendered":"<p><span style=\"color: #800000\">San\u00e1, SANA<\/span>&#8211; 35 yemen\u00edes han muerto en nuevos bombardeos que los aviones de guerra de la llamada coalici\u00f3n \u00e1rabe, dirigida por el r\u00e9gimen saud\u00ed, han lanzado este martes contra las provincias de San\u00e1, Taiz, Marib, Saada y Al Hudayda.<\/p>\n<p>Seg\u00fan ha informado una fuente militar yemen\u00ed, 20 personas han perdido la vida y otras 8 tambi\u00e9n han resultado heridas luego de que los cazas saud\u00edes hayan atacado una estaci\u00f3n de gasolina, un mercado y una granja en el centro de Al-Yarahi.<\/p>\n<p>\u201cOtros 3 civiles han ca\u00eddo muertos tras unas incursiones de cazas sauditas efectuadas contra la carreta principal de la Direcci\u00f3n de Yabal Raas, mientras que en la zona de Al Masayed en Al Hudayda dos personas han muerto y otras dos han resultado afectados por bombardeos de aviones de combate sauditas\u201d, agrega la fuente.<\/p>\n<p>En la provincial de Saada, 10 yemen\u00edes perdieron la vida como consecuencia de varias incisiones de la llamada coalici\u00f3n \u00e1rabe, dirigida por el r\u00e9gimen saud\u00ed.<\/p>\n<p>De acuerdo con la fuente, otras incursiones sauditas tuvieron lugar en San\u00e1, Marib, Taiz, Asir y Najarn, donde las p\u00e9rdidas se limitaron a da\u00f1os materiales.<\/p>\n<p>En su respuesta a dichos ataques sauditas, las fuerzas yemen\u00edes han liberado una serie de operaciones contra mercenarios del r\u00e9gimen saudita en las provincias de Marib, Al Youf, San\u00f1a y Yizan.<\/p>\n<p>&nbsp;<\/p>\n<p>M\/ Miri<\/p>\n","protected":false},"excerpt":{"rendered":"<p>San\u00e1, SANA&#8211; 35 yemen\u00edes han muerto en nuevos bombardeos que los aviones de guerra de la llamada coalici\u00f3n \u00e1rabe, dirigida por el r\u00e9gimen saud\u00ed, han lanzado este martes contra las provincias de San\u00e1, Taiz, Marib, Saada y Al Hudayda. Seg\u00fan ha informado una fuente militar yemen\u00ed, 20 personas han perdido la vida y otras 8 &hellip;<\/p>\n","protected":false},"author":1,"featured_media":74920,"comment_status":"closed","ping_status":"closed","sticky":false,"template":"","format":"standard","meta":{"footnotes":""},"categories":[597,456,457],"tags":[6304],"class_list":["post-74919","post","type-post","status-publish","format-standard","has-post-thumbnail","","category-cinta-de-noticias","category-arabe-internacional-politica","category-noticias-arabe-internacional-politica","tag-yemen"],"_links":{"self":[{"href":"https:\/\/archive.sana.sy\/es\/index.php?rest_route=\/wp\/v2\/posts\/74919"}],"collection":[{"href":"https:\/\/archive.sana.sy\/es\/index.php?rest_route=\/wp\/v2\/posts"}],"about":[{"href":"https:\/\/archive.sana.sy\/es\/index.php?rest_route=\/wp\/v2\/types\/post"}],"author":[{"embeddable":true,"href":"https:\/\/archive.sana.sy\/es\/index.php?rest_route=\/wp\/v2\/users\/1"}],"replies":[{"embeddable":true,"href":"https:\/\/archive.sana.sy\/es\/index.php?rest_route=%2Fwp%2Fv2%2Fcomments&post=74919"}],"version-history":[{"count":0,"href":"https:\/\/archive.sana.sy\/es\/index.php?rest_route=\/wp\/v2\/posts\/74919\/revisions"}],"wp:featuredmedia":[{"embeddable":true,"href":"https:\/\/archive.sana.sy\/es\/index.php?rest_route=\/wp\/v2\/media\/74920"}],"wp:attachment":[{"href":"https:\/\/archive.sana.sy\/es\/index.php?rest_route=%2Fwp%2Fv2%2Fmedia&parent=74919"}],"wp:term":[{"taxonomy":"category","embeddable":true,"href":"https:\/\/archive.sana.sy\/es\/index.php?rest_route=%2Fwp%2Fv2%2Fcategories&post=74919"},{"taxonomy":"post_tag","embeddable":true,"href":"https:\/\/archive.sana.sy\/es\/index.php?rest_route=%2Fwp%2Fv2%2Ftags&post=74919"}],"curies":[{"name":"wp","href":"https:\/\/api.w.org\/{rel}","templated":true}]}}