{"id":7495,"date":"2014-08-20T20:52:58","date_gmt":"2014-08-20T17:52:58","guid":{"rendered":"http:\/\/www.sana.sy\/es\/?p=7495"},"modified":"2014-08-20T20:53:17","modified_gmt":"2014-08-20T17:53:17","slug":"ministro-aleman-qatar-esta-financiando-la-organizacion-terrorista-estado-islamico-de-irak-y-el-levante","status":"publish","type":"post","link":"https:\/\/archive.sana.sy\/es\/?p=7495","title":{"rendered":"Ministro alem\u00e1n: Qatar est\u00e1 financiando la organizaci\u00f3n terrorista &#8220;Estado Isl\u00e1mico de Irak y el Levante&#8221;"},"content":{"rendered":"<p style=\"text-align: justify\"><span style=\"color: #800000\">Berl\u00edn &#8211; SANA<\/span><\/p>\n<p style=\"text-align: justify\">El Ministro de Cooperaci\u00f3n Econ\u00f3mica y Desarrollo de Alemania, Gerd Muller, miembro de la conservadora Uni\u00f3n Dem\u00f3crata Cristiana encabezada por la canciller Angela Merkel, confirm\u00f3 que Qatar est\u00e1 financiando la organizaci\u00f3n terrorista &#8220;Estado Isl\u00e1mico de Irak y el Levante.&#8221;<\/p>\n<p style=\"text-align: justify\">Las declaraciones de Muller vienen despu\u00e9s de las palabras del ministro de Finanzas alem\u00e1n, Sigmar Gabriel, cuando dijo ayer que la comunidad internacional est\u00e1 en debate acerca de qui\u00e9n es la parte que apoy\u00f3 en el pasado y est\u00e1 apoyando ahora para asegurar los medios financieros para armar el llamado &#8220;Estado Isl\u00e1mico del Irak y Siria&#8221;, a\u00f1adiendo que esto &#8220;no se puede hacer sin dinero&#8221;, sin especificar el nombre de los pa\u00edses que lo hacen.<\/p>\n<p style=\"text-align: justify\">Muchos observadores argumentan que Qatar, alentado por Estados Unidos y sus aliados occidentales, apoy\u00f3 y financi\u00f3 a los rebeldes en Siria, incluyendo la organizaci\u00f3n de \u201cEI\u201d. Este apoyo est\u00e1 a\u00fan en curso con el objetivo de desestabilizar la situaci\u00f3n en la regi\u00f3n en servicio a los intereses de Occidente e Israel.<\/p>\n<p style=\"text-align: justify\">Estas declaraciones de funcionario alemanes reflejan los crecientes temores de la amenaza que presente la organizaci\u00f3n terrorista llamada &#8220;Estado Isl\u00e1mico de Irak y el Levante&#8221; y de otras organizaciones terroristas contra los intereses y la seguridad de los pa\u00edses occidentales, que ya hab\u00edan apoyado, financiado y armado estas organizaciones, por donde causaron muerte y sabotaje en Siria desde hace m\u00e1s de tres a\u00f1os.<\/p>\n<p style=\"text-align: justify\"><span style=\"color: #0000ff\">Ghifar Al.<\/span><\/p>\n","protected":false},"excerpt":{"rendered":"<p>Berl\u00edn &#8211; SANA El Ministro de Cooperaci\u00f3n Econ\u00f3mica y Desarrollo de Alemania, Gerd Muller, miembro de la conservadora Uni\u00f3n Dem\u00f3crata Cristiana encabezada por la canciller Angela Merkel, confirm\u00f3 que Qatar est\u00e1 financiando la organizaci\u00f3n terrorista &#8220;Estado Isl\u00e1mico de Irak y el Levante.&#8221; Las declaraciones de Muller vienen despu\u00e9s de las palabras del ministro de Finanzas &hellip;<\/p>\n","protected":false},"author":1,"featured_media":7496,"comment_status":"closed","ping_status":"closed","sticky":false,"template":"","format":"standard","meta":{"footnotes":""},"categories":[597,456,457,576],"tags":[1703],"class_list":["post-7495","post","type-post","status-publish","format-standard","has-post-thumbnail","","category-cinta-de-noticias","category-arabe-internacional-politica","category-noticias-arabe-internacional-politica","category-noticias-politicas","tag-ministro-aleman-qatar-esta-financiando-la-organizacion-terrorista-estado-islamico-de-irak-y-el-levante"],"_links":{"self":[{"href":"https:\/\/archive.sana.sy\/es\/index.php?rest_route=\/wp\/v2\/posts\/7495"}],"collection":[{"href":"https:\/\/archive.sana.sy\/es\/index.php?rest_route=\/wp\/v2\/posts"}],"about":[{"href":"https:\/\/archive.sana.sy\/es\/index.php?rest_route=\/wp\/v2\/types\/post"}],"author":[{"embeddable":true,"href":"https:\/\/archive.sana.sy\/es\/index.php?rest_route=\/wp\/v2\/users\/1"}],"replies":[{"embeddable":true,"href":"https:\/\/archive.sana.sy\/es\/index.php?rest_route=%2Fwp%2Fv2%2Fcomments&post=7495"}],"version-history":[{"count":0,"href":"https:\/\/archive.sana.sy\/es\/index.php?rest_route=\/wp\/v2\/posts\/7495\/revisions"}],"wp:featuredmedia":[{"embeddable":true,"href":"https:\/\/archive.sana.sy\/es\/index.php?rest_route=\/wp\/v2\/media\/7496"}],"wp:attachment":[{"href":"https:\/\/archive.sana.sy\/es\/index.php?rest_route=%2Fwp%2Fv2%2Fmedia&parent=7495"}],"wp:term":[{"taxonomy":"category","embeddable":true,"href":"https:\/\/archive.sana.sy\/es\/index.php?rest_route=%2Fwp%2Fv2%2Fcategories&post=7495"},{"taxonomy":"post_tag","embeddable":true,"href":"https:\/\/archive.sana.sy\/es\/index.php?rest_route=%2Fwp%2Fv2%2Ftags&post=7495"}],"curies":[{"name":"wp","href":"https:\/\/api.w.org\/{rel}","templated":true}]}}