{"id":75117,"date":"2018-01-07T11:35:46","date_gmt":"2018-01-07T09:35:46","guid":{"rendered":"https:\/\/www.sana.sy\/es\/?p=75117"},"modified":"2018-01-07T12:19:31","modified_gmt":"2018-01-07T10:19:31","slug":"al-mualem-a-una-delegacion-parlamentaria-brasilena-transmitir-la-realidad-de-lo-que-ocurre-en-siria-a-la-opinion-publica-brasilera","status":"publish","type":"post","link":"https:\/\/archive.sana.sy\/es\/?p=75117","title":{"rendered":"Al-Mualem a una delegaci\u00f3n parlamentaria brasile\u00f1a: transmitir la realidad de lo que ocurre en Siria a la opini\u00f3n p\u00fablica brasilera"},"content":{"rendered":"<p><span style=\"color: #800000;\">Damasco, SANA<\/span><\/p>\n<p>&nbsp;<\/p>\n<p>El vicepresidente del Consejo de Ministros y ministro de Exteriores y Expatriados ha examinado con la delegaci\u00f3n parlamentaria brasile\u00f1a encabezada por Arlindo Chinalia, miembro del Consejo de Diputados en Brasil y jefe del Parlamento de los pa\u00edses del Mercosur, las v\u00edas para fortalecer las relaciones de amistad y cooperaci\u00f3n existentes entre Siria y Brasil en todos los \u00e1mbitos, especialmente el parlamentario.<\/p>\n<p>El canciller al-Mualem se\u00f1al\u00f3 durante el encuentro la importancia y profundidad de las relaciones hist\u00f3ricas que unen entre Siria y Brasil y ensalz\u00f3 el rol positivo que desempe\u00f1a la colonia siria en Brasil para potenciar las relaciones, y llam\u00f3 a la delegaci\u00f3n visitante a transmitir la realidad de lo que ocurre en Siria a la opini\u00f3n p\u00fablica brasile\u00f1a cont\u00e1ndole los cr\u00edmenes cometidos por las agrupaciones terroristas apoyadas por poderes regionales e internacionales durante los \u00faltimos siete a\u00f1os.<\/p>\n<p>Por su parte el diputado Chinalia afirm\u00f3 que el objetivo de la visita es consolidar las relaciones pol\u00edticas y parlamentarias entre los dos pa\u00edses amigos apoyadas en la presencia de una gran colonia de \u00e1rabes expatriados en Brasil, otro prop\u00f3sito es conocer la realidad de la situaci\u00f3n en Siria a la sombra de la guerra terrorista para transmitir esto a la opini\u00f3n p\u00fablica y al pueblo brasile\u00f1o que simpatiza con el pueblo sirio, y elogi\u00f3 la estabilidad palpada por la delegaci\u00f3n en su visita durante los \u00faltimos d\u00edas.<\/p>\n<p>Los miembros de la delegaci\u00f3n se\u00f1alaron que la consolidaci\u00f3n de las relaciones diplom\u00e1ticas podr\u00eda fortalecer la cooperaci\u00f3n en los planos oficiales y populares, sobre todo durante la pr\u00f3xima etapa que presenciar\u00e1 el inicio de la recuperaci\u00f3n de Siria nuevamente, y expresaron su esperanza en que Brasil desempe\u00f1e un rol activo en el futuro periodo de reconstrucci\u00f3n en Siria.<\/p>\n<p><span style=\"color: #0000ff;\">Riad Sh\/ Dr. A. Shaban<\/span><\/p>\n","protected":false},"excerpt":{"rendered":"<p>Damasco, SANA &nbsp; El vicepresidente del Consejo de Ministros y ministro de Exteriores y Expatriados ha examinado con la delegaci\u00f3n parlamentaria brasile\u00f1a encabezada por Arlindo Chinalia, miembro del Consejo de Diputados en Brasil y jefe del Parlamento de los pa\u00edses del Mercosur, las v\u00edas para fortalecer las relaciones de amistad y cooperaci\u00f3n existentes entre Siria &hellip;<\/p>\n","protected":false},"author":1,"featured_media":75119,"comment_status":"closed","ping_status":"closed","sticky":false,"template":"","format":"standard","meta":{"footnotes":""},"categories":[597,467,583,7541],"tags":[11324],"class_list":["post-75117","post","type-post","status-publish","format-standard","has-post-thumbnail","","category-cinta-de-noticias","category-siria-y-el-mundo","category-slide","category-ultimas-noticias","tag-al-mualem-a-una-delegacion-parlamentaria-brasilena-transmitir-la-realidad-de-lo-que-ocurre-en-siria-a-la-opinion-publica-brasilera"],"_links":{"self":[{"href":"https:\/\/archive.sana.sy\/es\/index.php?rest_route=\/wp\/v2\/posts\/75117"}],"collection":[{"href":"https:\/\/archive.sana.sy\/es\/index.php?rest_route=\/wp\/v2\/posts"}],"about":[{"href":"https:\/\/archive.sana.sy\/es\/index.php?rest_route=\/wp\/v2\/types\/post"}],"author":[{"embeddable":true,"href":"https:\/\/archive.sana.sy\/es\/index.php?rest_route=\/wp\/v2\/users\/1"}],"replies":[{"embeddable":true,"href":"https:\/\/archive.sana.sy\/es\/index.php?rest_route=%2Fwp%2Fv2%2Fcomments&post=75117"}],"version-history":[{"count":0,"href":"https:\/\/archive.sana.sy\/es\/index.php?rest_route=\/wp\/v2\/posts\/75117\/revisions"}],"wp:featuredmedia":[{"embeddable":true,"href":"https:\/\/archive.sana.sy\/es\/index.php?rest_route=\/wp\/v2\/media\/75119"}],"wp:attachment":[{"href":"https:\/\/archive.sana.sy\/es\/index.php?rest_route=%2Fwp%2Fv2%2Fmedia&parent=75117"}],"wp:term":[{"taxonomy":"category","embeddable":true,"href":"https:\/\/archive.sana.sy\/es\/index.php?rest_route=%2Fwp%2Fv2%2Fcategories&post=75117"},{"taxonomy":"post_tag","embeddable":true,"href":"https:\/\/archive.sana.sy\/es\/index.php?rest_route=%2Fwp%2Fv2%2Ftags&post=75117"}],"curies":[{"name":"wp","href":"https:\/\/api.w.org\/{rel}","templated":true}]}}