{"id":75122,"date":"2018-01-07T13:37:03","date_gmt":"2018-01-07T11:37:03","guid":{"rendered":"https:\/\/www.sana.sy\/es\/?p=75122"},"modified":"2023-01-10T15:10:39","modified_gmt":"2023-01-10T13:10:39","slug":"culminadas-las-actividades-de-la-feria-hecho-en-siria-que-ha-tenido-lugar-en-la-capital-iraqui","status":"publish","type":"post","link":"https:\/\/archive.sana.sy\/es\/?p=75122","title":{"rendered":"Culminadas las actividades de la feria &#8220;Hecho en Siria&#8221; que ha tenido lugar en la capital iraqu\u00ed"},"content":{"rendered":"<p><span style=\"color: #800000;\">Bagdad, SANA<\/span><\/p>\n<p>Ha concluido en la capital iraqu\u00ed la feria &#8220;Hecho en Siria&#8221; para productos agr\u00edcolas, alimentarias, qu\u00edmicas, ingenieriles y tradicionales, la cual se realiz\u00f3 en las dependencias de la Feria Internacional de Bagdad, con la participaci\u00f3n de 200 empresas sirias.<\/p>\n<p>La feria ha sido frecuentada por m\u00e1s de un mill\u00f3n y cuarto de visitantes iraqu\u00edes durante casi un mes (del 9 de diciembre al 6 de enero) y ha registrado un inigualable \u00e9xito en los planos de comercializaci\u00f3n y suscripci\u00f3n de contratos con las empresas iraqu\u00edes.<\/p>\n<p>Talal Khudeir, uno de los industriales sirios participantes en la feria explic\u00f3 que 200 empresas sirias expusieron sus productos en un \u00e1rea de 7 mil m2 y acapar\u00f3 una amplia concurrencia y manifest\u00f3 que el producto sirio a\u00fan goza del inter\u00e9s del mercado iraqu\u00ed a pesar de 5 a\u00f1os de ausencia, prueba esto la venta de 800 toneladas de mercanc\u00edas.<\/p>\n<p>Por su parte Faleh al-Shamri, director de la Compa\u00f1\u00eda Iraqu\u00ed para la Comercializaci\u00f3n y Producci\u00f3n de D\u00e1tiles confirm\u00f3 que la feria ha tenido un brillante \u00e9xito manifestado en la venta de toda la mercanc\u00eda y en la firma de decenas de contratos para la importaci\u00f3n de productos sirios por las empresas iraqu\u00edes.<\/p>\n<p><span style=\"color: #0000ff;\">Riad Sh\/ Dr. A. Shaban<\/span><\/p>\n","protected":false},"excerpt":{"rendered":"<p>Bagdad, SANA Ha concluido en la capital iraqu\u00ed la feria &#8220;Hecho en Siria&#8221; para productos agr\u00edcolas, alimentarias, qu\u00edmicas, ingenieriles y tradicionales, la cual se realiz\u00f3 en las dependencias de la Feria Internacional de Bagdad, con la participaci\u00f3n de 200 empresas sirias. La feria ha sido frecuentada por m\u00e1s de un mill\u00f3n y cuarto de visitantes &hellip;<\/p>\n","protected":false},"author":1,"featured_media":75123,"comment_status":"closed","ping_status":"closed","sticky":false,"template":"","format":"standard","meta":{"footnotes":""},"categories":[485,456,7541],"tags":[11325],"class_list":["post-75122","post","type-post","status-publish","format-standard","has-post-thumbnail","","category-informes-negocios-y-finanzas","category-arabe-internacional-politica","category-ultimas-noticias","tag-culminadas-las-actividades-de-la-feria-hecho-en-siria-que-ha-tenido-lugar-en-la-capital-iraqui"],"_links":{"self":[{"href":"https:\/\/archive.sana.sy\/es\/index.php?rest_route=\/wp\/v2\/posts\/75122"}],"collection":[{"href":"https:\/\/archive.sana.sy\/es\/index.php?rest_route=\/wp\/v2\/posts"}],"about":[{"href":"https:\/\/archive.sana.sy\/es\/index.php?rest_route=\/wp\/v2\/types\/post"}],"author":[{"embeddable":true,"href":"https:\/\/archive.sana.sy\/es\/index.php?rest_route=\/wp\/v2\/users\/1"}],"replies":[{"embeddable":true,"href":"https:\/\/archive.sana.sy\/es\/index.php?rest_route=%2Fwp%2Fv2%2Fcomments&post=75122"}],"version-history":[{"count":0,"href":"https:\/\/archive.sana.sy\/es\/index.php?rest_route=\/wp\/v2\/posts\/75122\/revisions"}],"wp:featuredmedia":[{"embeddable":true,"href":"https:\/\/archive.sana.sy\/es\/index.php?rest_route=\/wp\/v2\/media\/75123"}],"wp:attachment":[{"href":"https:\/\/archive.sana.sy\/es\/index.php?rest_route=%2Fwp%2Fv2%2Fmedia&parent=75122"}],"wp:term":[{"taxonomy":"category","embeddable":true,"href":"https:\/\/archive.sana.sy\/es\/index.php?rest_route=%2Fwp%2Fv2%2Fcategories&post=75122"},{"taxonomy":"post_tag","embeddable":true,"href":"https:\/\/archive.sana.sy\/es\/index.php?rest_route=%2Fwp%2Fv2%2Ftags&post=75122"}],"curies":[{"name":"wp","href":"https:\/\/api.w.org\/{rel}","templated":true}]}}