{"id":75216,"date":"2018-01-08T20:58:23","date_gmt":"2018-01-08T18:58:23","guid":{"rendered":"https:\/\/www.sana.sy\/es\/?p=75216"},"modified":"2018-01-08T20:58:23","modified_gmt":"2018-01-08T18:58:23","slug":"iniciativa-de-una-idea-inicia-la-restauracion-de-un-cementerio-historico-en-al-hasaka","status":"publish","type":"post","link":"https:\/\/archive.sana.sy\/es\/?p=75216","title":{"rendered":"&#8220;Iniciativa de una Idea&#8221; inicia la restauraci\u00f3n de un cementerio hist\u00f3rico en al Hasaka"},"content":{"rendered":"<p>&nbsp;<\/p>\n<p><span style=\"color: #800000;\">Al Hasaka-SANA<\/span><\/p>\n<p>El proyecto \u201cIniciativa de Una Idea\u201d, que pertenece al Programa de Desarrollo de Naciones Unidas, inici\u00f3 las obras de restauraci\u00f3n de un cementerio hist\u00f3rico al noroeste de la provincia de al Hasaka.<\/p>\n<p>El director del proyecto, Isa Matli, se\u00f1al\u00f3 que las obras ser\u00edan la restauraci\u00f3n y limpieza de un cementerio bizantino, cuya superficie llega a dos dunums en la localidad de la Farhia (cerca de la ciudad de Ras al Ein), en colaboraci\u00f3n con el Departamento de Antig\u00fcedades de al Hasaka, y la Secci\u00f3n de Arqueolog\u00eda en la Universidad de al Furat.<\/p>\n<p>El cementerio bizantino data del siglo V y VI \u00a0d. C, e incluye a varias tumbas en su interior.<\/p>\n<p>&nbsp;<\/p>\n<p><span style=\"color: #0000ff;\">Akram. S<\/span><\/p>\n","protected":false},"excerpt":{"rendered":"<p>&nbsp; Al Hasaka-SANA El proyecto \u201cIniciativa de Una Idea\u201d, que pertenece al Programa de Desarrollo de Naciones Unidas, inici\u00f3 las obras de restauraci\u00f3n de un cementerio hist\u00f3rico al noroeste de la provincia de al Hasaka. El director del proyecto, Isa Matli, se\u00f1al\u00f3 que las obras ser\u00edan la restauraci\u00f3n y limpieza de un cementerio bizantino, cuya &hellip;<\/p>\n","protected":false},"author":1,"featured_media":75217,"comment_status":"closed","ping_status":"closed","sticky":false,"template":"","format":"standard","meta":{"footnotes":""},"categories":[597,510,476,7541],"tags":[],"class_list":["post-75216","post","type-post","status-publish","format-standard","has-post-thumbnail","","category-cinta-de-noticias","category-arte-y-cultura","category-locales","category-ultimas-noticias"],"_links":{"self":[{"href":"https:\/\/archive.sana.sy\/es\/index.php?rest_route=\/wp\/v2\/posts\/75216"}],"collection":[{"href":"https:\/\/archive.sana.sy\/es\/index.php?rest_route=\/wp\/v2\/posts"}],"about":[{"href":"https:\/\/archive.sana.sy\/es\/index.php?rest_route=\/wp\/v2\/types\/post"}],"author":[{"embeddable":true,"href":"https:\/\/archive.sana.sy\/es\/index.php?rest_route=\/wp\/v2\/users\/1"}],"replies":[{"embeddable":true,"href":"https:\/\/archive.sana.sy\/es\/index.php?rest_route=%2Fwp%2Fv2%2Fcomments&post=75216"}],"version-history":[{"count":0,"href":"https:\/\/archive.sana.sy\/es\/index.php?rest_route=\/wp\/v2\/posts\/75216\/revisions"}],"wp:featuredmedia":[{"embeddable":true,"href":"https:\/\/archive.sana.sy\/es\/index.php?rest_route=\/wp\/v2\/media\/75217"}],"wp:attachment":[{"href":"https:\/\/archive.sana.sy\/es\/index.php?rest_route=%2Fwp%2Fv2%2Fmedia&parent=75216"}],"wp:term":[{"taxonomy":"category","embeddable":true,"href":"https:\/\/archive.sana.sy\/es\/index.php?rest_route=%2Fwp%2Fv2%2Fcategories&post=75216"},{"taxonomy":"post_tag","embeddable":true,"href":"https:\/\/archive.sana.sy\/es\/index.php?rest_route=%2Fwp%2Fv2%2Ftags&post=75216"}],"curies":[{"name":"wp","href":"https:\/\/api.w.org\/{rel}","templated":true}]}}