{"id":75219,"date":"2018-01-09T18:23:06","date_gmt":"2018-01-09T16:23:06","guid":{"rendered":"https:\/\/www.sana.sy\/es\/?p=75219"},"modified":"2018-01-09T18:24:37","modified_gmt":"2018-01-09T16:24:37","slug":"nueva-agresion-israeli-contra-el-territorio-sirio","status":"publish","type":"post","link":"https:\/\/archive.sana.sy\/es\/?p=75219","title":{"rendered":"Nueva agresi\u00f3n israel\u00ed contra el territorio sirio"},"content":{"rendered":"<div class=\"m_6008340339567537452signature\">\n<div>\n<p><span style=\"color: #800000\">Damasco, SANA<\/span>&#8211; El Comando General del Ej\u00e9rcito y las Fuerzas Armadas inform\u00f3 que la aviaci\u00f3n b\u00e9lica del enemigo israel\u00ed dispar\u00f3 a las 2.40 AM varios misiles desde el espacio a\u00e9reo del L\u00edbano, contra la zona de Qutaifeh al norte de Damasco, y la defensa a\u00e9rea siria respondi\u00f3 y logr\u00f3 dar el blanco a uno de los aviones.<\/p>\n<p>En una declaraci\u00f3n emitida esta ma\u00f1ana del martes, el Ministerio agreg\u00f3 que a las 3.04 AM, el enemigo israel\u00ed repiti\u00f3 su agresi\u00f3n y lanz\u00f3 dos misiles tierra-tierra desde el Gol\u00e1n sirio ocupado, y la defensa antia\u00e9rea siria intercept\u00f3 a los dos misiles.<\/p>\n<p>El Ministerio inform\u00f3 adem\u00e1s que a las 4.15 AM, el enemigo israel\u00ed volvi\u00f3 a lanzar cuatro cohetes tierra-tierra desde la zona de Tiber\u00edades en los territorios palestinos ocupados, y la defensa antia\u00e9rea siria intercept\u00f3 a un misil mientras que los otros tres impactaron cerca de una posici\u00f3n militar siria, provocando da\u00f1os materiales.<\/p>\n<p>La declaraci\u00f3n del Ej\u00e9rcito asegura que esa agresi\u00f3n flagrante demuestra una vez m\u00e1s el apoyo israel\u00ed a los grupos terroristas armados en Siria y sus desesperados intentos de elevar su moral colapsado tras sus derrotas en la ciudad de Harasta en Ghouta Este y las victorias abrumadoras alcanzadas contra el terrorismo en la provincia de Idleb.<\/p>\n<p>Por \u00faltimo, el Comando General del Ej\u00e9rcito y las Fuerzas Armadas reiter\u00f3 su advertencia de las graves consecuencias de tales agresiones de Israel y confirm\u00f3 su disposici\u00f3n de responder a esos ataques y continuar la guerra contra las organizaciones terroristas que son los brazos de Israel en Siria.<\/p>\n<p>Fady M.<\/p>\n<\/div>\n<\/div>\n<p>&nbsp;<\/p>\n","protected":false},"excerpt":{"rendered":"<p>Damasco, SANA&#8211; El Comando General del Ej\u00e9rcito y las Fuerzas Armadas inform\u00f3 que la aviaci\u00f3n b\u00e9lica del enemigo israel\u00ed dispar\u00f3 a las 2.40 AM varios misiles desde el espacio a\u00e9reo del L\u00edbano, contra la zona de Qutaifeh al norte de Damasco, y la defensa a\u00e9rea siria respondi\u00f3 y logr\u00f3 dar el blanco a uno de &hellip;<\/p>\n","protected":false},"author":24,"featured_media":75220,"comment_status":"closed","ping_status":"closed","sticky":false,"template":"","format":"standard","meta":{"footnotes":""},"categories":[573,7541],"tags":[11330],"class_list":["post-75219","post","type-post","status-publish","format-standard","has-post-thumbnail","","category-la-realidad-de-los-acontecimientos-en-siria","category-ultimas-noticias","tag-nueva-agresion-israeli-contra-el-territorio-sirio"],"_links":{"self":[{"href":"https:\/\/archive.sana.sy\/es\/index.php?rest_route=\/wp\/v2\/posts\/75219"}],"collection":[{"href":"https:\/\/archive.sana.sy\/es\/index.php?rest_route=\/wp\/v2\/posts"}],"about":[{"href":"https:\/\/archive.sana.sy\/es\/index.php?rest_route=\/wp\/v2\/types\/post"}],"author":[{"embeddable":true,"href":"https:\/\/archive.sana.sy\/es\/index.php?rest_route=\/wp\/v2\/users\/24"}],"replies":[{"embeddable":true,"href":"https:\/\/archive.sana.sy\/es\/index.php?rest_route=%2Fwp%2Fv2%2Fcomments&post=75219"}],"version-history":[{"count":0,"href":"https:\/\/archive.sana.sy\/es\/index.php?rest_route=\/wp\/v2\/posts\/75219\/revisions"}],"wp:featuredmedia":[{"embeddable":true,"href":"https:\/\/archive.sana.sy\/es\/index.php?rest_route=\/wp\/v2\/media\/75220"}],"wp:attachment":[{"href":"https:\/\/archive.sana.sy\/es\/index.php?rest_route=%2Fwp%2Fv2%2Fmedia&parent=75219"}],"wp:term":[{"taxonomy":"category","embeddable":true,"href":"https:\/\/archive.sana.sy\/es\/index.php?rest_route=%2Fwp%2Fv2%2Fcategories&post=75219"},{"taxonomy":"post_tag","embeddable":true,"href":"https:\/\/archive.sana.sy\/es\/index.php?rest_route=%2Fwp%2Fv2%2Ftags&post=75219"}],"curies":[{"name":"wp","href":"https:\/\/api.w.org\/{rel}","templated":true}]}}