{"id":75243,"date":"2018-01-09T18:21:26","date_gmt":"2018-01-09T16:21:26","guid":{"rendered":"https:\/\/www.sana.sy\/es\/?p=75243"},"modified":"2023-01-10T15:16:40","modified_gmt":"2023-01-10T13:16:40","slug":"40-empresas-farmaceuticas-iranies-exhiben-sus-productos-en-una-feria-organizada-en-damasco","status":"publish","type":"post","link":"https:\/\/archive.sana.sy\/es\/?p=75243","title":{"rendered":"40 empresas farmac\u00e9uticas iran\u00edes exhiben sus productos en una feria organizada en Damasco"},"content":{"rendered":"<p><span style=\"color: #800000\">Damasco, SANA<\/span>&#8211; Con la participaci\u00f3n de 40 empresas iran\u00edes se ha inaugurado este martes la Feria para las Industrias farmac\u00e9uticas, Equipos m\u00e9dicos e Industria alimenticia iran\u00edes en el hotel de Dama Rose en la capital Damasco.<\/p>\n<p>En esta feria organizada por la Embajada de Ir\u00e1n en Damasco y el Comit\u00e9 Superior para el Desarrollo de las Relaciones Econ\u00f3micas Sirio Iran\u00edes, decenas compa\u00f1\u00edas iran\u00edes exhiben sus productos locales y exploran las necesidades de los mercados sirios de medicinas, alimentos y equipos m\u00e9dicos.<\/p>\n<p>En declaraciones a la prensa, el viceministro de Salud para Asuntos Farmac\u00e9uticos, Dr. Habib Abbud, hizo referencia al desarrollo del sector farmac\u00e9utico tanto en Siria como Ir\u00e1n en los \u00faltimos a\u00f1os y a los buenos resultados de la cooperaci\u00f3n conjunta en este \u00e1mbito, as\u00ed como la buena calidad de los productos de las empresas farmac\u00e9uticas participadas en la feria.<\/p>\n<p>Por su parte, el asesor del primer asesor del Embajador iran\u00ed ante Damasco, Mustafa Qassimi, agradeci\u00f3 los esfuerzos desempe\u00f1ados por el Gobierno sirio para facilitar un acceso adecuado a los productos iran\u00edes en el mercado sirio a pesar de las dificultades, y aludi\u00f3 al papel de la segunda l\u00ednea de cr\u00e9dito iran\u00ed al respecto.<\/p>\n<p>Qassimi confirm\u00f3 que los productos exhibidos en la feria son 100 por ciento hechos en Ir\u00e1n y reflejan el volumen de las capacidades y el potencial cient\u00edfico que posee esta naci\u00f3n, resaltando el inter\u00e9s de las compa\u00f1\u00edas iran\u00edes en participar en todas las ferias internacionales para demostrar la buena calidad de sus productos.<\/p>\n<p>Es de se\u00f1alar que la Feria durar\u00e1 hasta el jueves 11 del mes en curso.<\/p>\n<p>Lynn A.<\/p>\n","protected":false},"excerpt":{"rendered":"<p>Damasco, SANA&#8211; Con la participaci\u00f3n de 40 empresas iran\u00edes se ha inaugurado este martes la Feria para las Industrias farmac\u00e9uticas, Equipos m\u00e9dicos e Industria alimenticia iran\u00edes en el hotel de Dama Rose en la capital Damasco. En esta feria organizada por la Embajada de Ir\u00e1n en Damasco y el Comit\u00e9 Superior para el Desarrollo de &hellip;<\/p>\n","protected":false},"author":1,"featured_media":75244,"comment_status":"closed","ping_status":"closed","sticky":false,"template":"","format":"standard","meta":{"footnotes":""},"categories":[597,485,7541],"tags":[11333],"class_list":["post-75243","post","type-post","status-publish","format-standard","has-post-thumbnail","","category-cinta-de-noticias","category-informes-negocios-y-finanzas","category-ultimas-noticias","tag-feria-para-las-industrias-farmaceuticas"],"_links":{"self":[{"href":"https:\/\/archive.sana.sy\/es\/index.php?rest_route=\/wp\/v2\/posts\/75243"}],"collection":[{"href":"https:\/\/archive.sana.sy\/es\/index.php?rest_route=\/wp\/v2\/posts"}],"about":[{"href":"https:\/\/archive.sana.sy\/es\/index.php?rest_route=\/wp\/v2\/types\/post"}],"author":[{"embeddable":true,"href":"https:\/\/archive.sana.sy\/es\/index.php?rest_route=\/wp\/v2\/users\/1"}],"replies":[{"embeddable":true,"href":"https:\/\/archive.sana.sy\/es\/index.php?rest_route=%2Fwp%2Fv2%2Fcomments&post=75243"}],"version-history":[{"count":0,"href":"https:\/\/archive.sana.sy\/es\/index.php?rest_route=\/wp\/v2\/posts\/75243\/revisions"}],"wp:featuredmedia":[{"embeddable":true,"href":"https:\/\/archive.sana.sy\/es\/index.php?rest_route=\/wp\/v2\/media\/75244"}],"wp:attachment":[{"href":"https:\/\/archive.sana.sy\/es\/index.php?rest_route=%2Fwp%2Fv2%2Fmedia&parent=75243"}],"wp:term":[{"taxonomy":"category","embeddable":true,"href":"https:\/\/archive.sana.sy\/es\/index.php?rest_route=%2Fwp%2Fv2%2Fcategories&post=75243"},{"taxonomy":"post_tag","embeddable":true,"href":"https:\/\/archive.sana.sy\/es\/index.php?rest_route=%2Fwp%2Fv2%2Ftags&post=75243"}],"curies":[{"name":"wp","href":"https:\/\/api.w.org\/{rel}","templated":true}]}}