{"id":75468,"date":"2018-01-14T17:55:51","date_gmt":"2018-01-14T15:55:51","guid":{"rendered":"https:\/\/www.sana.sy\/es\/?p=75468"},"modified":"2018-01-14T17:55:51","modified_gmt":"2018-01-14T15:55:51","slug":"el-foro-sirio-ruso-se-celebrara-en-moscu-a-finales-de-febrero","status":"publish","type":"post","link":"https:\/\/archive.sana.sy\/es\/?p=75468","title":{"rendered":"El Foro Sirio-ruso se celebrar\u00e1 en Mosc\u00fa a finales de febrero"},"content":{"rendered":"<p>Damasco, SANA<\/p>\n<p>Hombres de negocios y representantes de empresas privadas y gubernamentales se disponen a participar en el Foro Sirio-ruso previsto a celebrarse en Mosc\u00fa los d\u00edas 27 y 28 del pr\u00f3ximo mes de febrero bajo auspicio del gobierno ruso.<\/p>\n<p>En medio de confirmaciones sirias continuas y a los m\u00e1s altos niveles oficiales de que Rusia ser\u00e1 un socio importante en el proceso de reconstrucci\u00f3n en los diferentes sectores, el Foro que ser\u00e1 inaugurado por el vicepresidente ruso Dmitri Ragozin constituir\u00e1 una oportunidad de di\u00e1logo entre los dos pa\u00edses sobre sociedades, inversiones y oportunidades de trabajo privado en Siria.<\/p>\n<p>La participaci\u00f3n siria en el Foro ser\u00e1 organizada por el el Consejo Sirio-ruso de Empresarios que particip\u00f3 por primera vez como actor influyente en las reuniones del Comit\u00e9 Sirio-ruso para la Cooperaci\u00f3n Comercial, econ\u00f3mica y Cient\u00edfico-t\u00e9cnica que se celebraron en octubre \u00faltimo.<\/p>\n<p>En una declaraci\u00f3n a SANA, el presidente del Consejo Sirio-ruso de Empresarios, Samir Hassan, explic\u00f3 que el Foro ser\u00e1 &#8220;una plataforma importante para relanzar la cooperaci\u00f3n entre los empresarios privados a la luz del inter\u00e9s gubernamental por impulsar esa cooperaci\u00f3n acorde a las necesidades del desarrollo y la construcci\u00f3n en Siria.&#8221;<\/p>\n<p>R.Sh-Y.K.<\/p>\n","protected":false},"excerpt":{"rendered":"<p>Damasco, SANA Hombres de negocios y representantes de empresas privadas y gubernamentales se disponen a participar en el Foro Sirio-ruso previsto a celebrarse en Mosc\u00fa los d\u00edas 27 y 28 del pr\u00f3ximo mes de febrero bajo auspicio del gobierno ruso. En medio de confirmaciones sirias continuas y a los m\u00e1s altos niveles oficiales de que &hellip;<\/p>\n","protected":false},"author":1,"featured_media":75469,"comment_status":"closed","ping_status":"closed","sticky":false,"template":"","format":"standard","meta":{"footnotes":""},"categories":[456,7541],"tags":[],"class_list":["post-75468","post","type-post","status-publish","format-standard","has-post-thumbnail","","category-arabe-internacional-politica","category-ultimas-noticias"],"_links":{"self":[{"href":"https:\/\/archive.sana.sy\/es\/index.php?rest_route=\/wp\/v2\/posts\/75468"}],"collection":[{"href":"https:\/\/archive.sana.sy\/es\/index.php?rest_route=\/wp\/v2\/posts"}],"about":[{"href":"https:\/\/archive.sana.sy\/es\/index.php?rest_route=\/wp\/v2\/types\/post"}],"author":[{"embeddable":true,"href":"https:\/\/archive.sana.sy\/es\/index.php?rest_route=\/wp\/v2\/users\/1"}],"replies":[{"embeddable":true,"href":"https:\/\/archive.sana.sy\/es\/index.php?rest_route=%2Fwp%2Fv2%2Fcomments&post=75468"}],"version-history":[{"count":0,"href":"https:\/\/archive.sana.sy\/es\/index.php?rest_route=\/wp\/v2\/posts\/75468\/revisions"}],"wp:featuredmedia":[{"embeddable":true,"href":"https:\/\/archive.sana.sy\/es\/index.php?rest_route=\/wp\/v2\/media\/75469"}],"wp:attachment":[{"href":"https:\/\/archive.sana.sy\/es\/index.php?rest_route=%2Fwp%2Fv2%2Fmedia&parent=75468"}],"wp:term":[{"taxonomy":"category","embeddable":true,"href":"https:\/\/archive.sana.sy\/es\/index.php?rest_route=%2Fwp%2Fv2%2Fcategories&post=75468"},{"taxonomy":"post_tag","embeddable":true,"href":"https:\/\/archive.sana.sy\/es\/index.php?rest_route=%2Fwp%2Fv2%2Ftags&post=75468"}],"curies":[{"name":"wp","href":"https:\/\/api.w.org\/{rel}","templated":true}]}}