{"id":75488,"date":"2018-01-14T20:18:31","date_gmt":"2018-01-14T18:18:31","guid":{"rendered":"https:\/\/www.sana.sy\/es\/?p=75488"},"modified":"2018-01-14T20:18:31","modified_gmt":"2018-01-14T18:18:31","slug":"al-hilal-afirma-que-la-guerra-contra-siria-resume-una-lucha-ideologica-entre-el-pueblo-y-las-fuerzas-del-terrorismo","status":"publish","type":"post","link":"https:\/\/archive.sana.sy\/es\/?p=75488","title":{"rendered":"Al Hilal afirma que la guerra contra Siria resume una lucha ideol\u00f3gica entre el pueblo y las fuerzas del terrorismo"},"content":{"rendered":"<p><span style=\"color: #800000;\">Damasco-SANA<\/span><\/p>\n<p>El secretario regional adjunto del Partido Baaz \u00c1rabe Socialista, Hilal al Hilal, afirm\u00f3 que la guerra terrorista contra Siria resume una lucha ideol\u00f3gica entre el pueblo sirio por una parte, y las fuerzas del terrorismo takfir\u00ed y la destrucci\u00f3n por otra parte.<\/p>\n<p>Durante su reuni\u00f3n con los jefes de las delegaciones participantes en la conferencia de la Uni\u00f3n General de los Escritores \u00c1rabes que se celebra en Damasco con la participaci\u00f3n de 16 pa\u00edses \u00e1rabes, al Hilal subray\u00f3 la importancia del trabajo en el \u00e1mbito cultural, se\u00f1alando que la palabra debe ser comprometida con el asunto de la verdad, es decir con el asunto del pueblo, la patria y la tierra.<\/p>\n<p>Al Hilal se\u00f1al\u00f3 que la firmeza legendaria de Siria fue gracias a la prudencia del presidente Bashar al Assad quien fue el mejor capit\u00e1n h\u00e1bil del barco durante esta guerra feroz, y segu\u00eda prestando especial inter\u00e9s por la causa palestina.<\/p>\n<p>Por su parte, el secretario general de la Uni\u00f3n de los Escritores \u00c1rabes, Habib al Sayeg, subray\u00f3 la importancia de celebrar esta conferencia en Damasco en este tiempo, para dar un mensaje a todo el mundo de que Siria fue y seguir\u00e1 siendo el coraz\u00f3n del panarabismo que late y defiende a todos los \u00e1rabes.<\/p>\n<p>&nbsp;<\/p>\n<p><span style=\"color: #0000ff;\">Akram. S<\/span><\/p>\n","protected":false},"excerpt":{"rendered":"<p>Damasco-SANA El secretario regional adjunto del Partido Baaz \u00c1rabe Socialista, Hilal al Hilal, afirm\u00f3 que la guerra terrorista contra Siria resume una lucha ideol\u00f3gica entre el pueblo sirio por una parte, y las fuerzas del terrorismo takfir\u00ed y la destrucci\u00f3n por otra parte. Durante su reuni\u00f3n con los jefes de las delegaciones participantes en la &hellip;<\/p>\n","protected":false},"author":1,"featured_media":75489,"comment_status":"closed","ping_status":"closed","sticky":false,"template":"","format":"standard","meta":{"footnotes":""},"categories":[597,476,7541],"tags":[],"class_list":["post-75488","post","type-post","status-publish","format-standard","has-post-thumbnail","","category-cinta-de-noticias","category-locales","category-ultimas-noticias"],"_links":{"self":[{"href":"https:\/\/archive.sana.sy\/es\/index.php?rest_route=\/wp\/v2\/posts\/75488"}],"collection":[{"href":"https:\/\/archive.sana.sy\/es\/index.php?rest_route=\/wp\/v2\/posts"}],"about":[{"href":"https:\/\/archive.sana.sy\/es\/index.php?rest_route=\/wp\/v2\/types\/post"}],"author":[{"embeddable":true,"href":"https:\/\/archive.sana.sy\/es\/index.php?rest_route=\/wp\/v2\/users\/1"}],"replies":[{"embeddable":true,"href":"https:\/\/archive.sana.sy\/es\/index.php?rest_route=%2Fwp%2Fv2%2Fcomments&post=75488"}],"version-history":[{"count":0,"href":"https:\/\/archive.sana.sy\/es\/index.php?rest_route=\/wp\/v2\/posts\/75488\/revisions"}],"wp:featuredmedia":[{"embeddable":true,"href":"https:\/\/archive.sana.sy\/es\/index.php?rest_route=\/wp\/v2\/media\/75489"}],"wp:attachment":[{"href":"https:\/\/archive.sana.sy\/es\/index.php?rest_route=%2Fwp%2Fv2%2Fmedia&parent=75488"}],"wp:term":[{"taxonomy":"category","embeddable":true,"href":"https:\/\/archive.sana.sy\/es\/index.php?rest_route=%2Fwp%2Fv2%2Fcategories&post=75488"},{"taxonomy":"post_tag","embeddable":true,"href":"https:\/\/archive.sana.sy\/es\/index.php?rest_route=%2Fwp%2Fv2%2Ftags&post=75488"}],"curies":[{"name":"wp","href":"https:\/\/api.w.org\/{rel}","templated":true}]}}