{"id":75530,"date":"2018-01-15T18:27:47","date_gmt":"2018-01-15T16:27:47","guid":{"rendered":"https:\/\/www.sana.sy\/es\/?p=75530"},"modified":"2018-01-15T19:15:26","modified_gmt":"2018-01-15T17:15:26","slug":"damasco-condena-anuncio-estadounidense-de-formar-una-milicia-armada-en-el-noreste-de-siria","status":"publish","type":"post","link":"https:\/\/archive.sana.sy\/es\/?p=75530","title":{"rendered":"Damasco condena anuncio estadounidense de formar una milicia armada en el noreste de Siria"},"content":{"rendered":"<p><span style=\"color: #800000\">Damasco, SANA<\/span><\/p>\n<p>El Ministerio de Exteriores y Expatriados declar\u00f3 que Siria condena en\u00e9rgicamente el anuncio estadounidense de formar una milicia armada en el noreste del pa\u00eds, y asegur\u00f3 que eso constituye una agresi\u00f3n contra la soberan\u00eda, la unidad y la integridad territorial de Siria, y una flagrante violaci\u00f3n del Derecho Internacional.<\/p>\n<p>En una declaraci\u00f3n emitida hoy, Canciller\u00eda dijo que lo que ha hecho la administraci\u00f3n estadounidense en el marco de su pol\u00edtica destructiva en la regi\u00f3n para fragmentar sus pa\u00edses, provocar tensiones y obstruir cualquier soluci\u00f3n a sus crisis, demuestra la incombinable enemistad de Washington a la naci\u00f3n \u00e1rabe y evidencia tambi\u00e9n que todos sus actos est\u00e1n encaminados al servicio del proyecto sionista en la regi\u00f3n.<\/p>\n<p>La declaraci\u00f3n agrega que Siria confirma que su pueblo y su ej\u00e9rcito, que han logrado victorias contundentes contra el terrorismo takfir\u00ed, ahora cuentan con m\u00e1s firmeza y determinaci\u00f3n para derrocar el nuevo complot y poner fin a cualquier forma de presencia estadounidense en Siria y acabar con sus herramientas y colaboradores, y imponer la ley y la autoridad leg\u00edtima sobre todo el territorio sirio y preservar su soberan\u00eda e integridad territorial.<\/p>\n<p>La declaraci\u00f3n concluy\u00f3 que Siria considera a cualquier ciudadano sirio que forma parte de estas milicias bajo auspicios de EE.UU como traidor a su pueblo y su patria, y ser\u00e1 tratado sobre este principio.<\/p>\n<p><span style=\"color: #0000ff\">Fady Marouf\/ Dr. A. Shaban<\/span><\/p>\n","protected":false},"excerpt":{"rendered":"<p>Damasco, SANA El Ministerio de Exteriores y Expatriados declar\u00f3 que Siria condena en\u00e9rgicamente el anuncio estadounidense de formar una milicia armada en el noreste del pa\u00eds, y asegur\u00f3 que eso constituye una agresi\u00f3n contra la soberan\u00eda, la unidad y la integridad territorial de Siria, y una flagrante violaci\u00f3n del Derecho Internacional. En una declaraci\u00f3n emitida &hellip;<\/p>\n","protected":false},"author":1,"featured_media":75531,"comment_status":"closed","ping_status":"closed","sticky":false,"template":"","format":"standard","meta":{"footnotes":""},"categories":[477,597,476,7541],"tags":[11359],"class_list":["post-75530","post","type-post","status-publish","format-standard","has-post-thumbnail","","category-noticias-edulcorantes","category-cinta-de-noticias","category-locales","category-ultimas-noticias","tag-damasco-condena-anuncio-estadounidense-de-formar-una-milicia-armada-en-el-noreste-de-siria"],"_links":{"self":[{"href":"https:\/\/archive.sana.sy\/es\/index.php?rest_route=\/wp\/v2\/posts\/75530"}],"collection":[{"href":"https:\/\/archive.sana.sy\/es\/index.php?rest_route=\/wp\/v2\/posts"}],"about":[{"href":"https:\/\/archive.sana.sy\/es\/index.php?rest_route=\/wp\/v2\/types\/post"}],"author":[{"embeddable":true,"href":"https:\/\/archive.sana.sy\/es\/index.php?rest_route=\/wp\/v2\/users\/1"}],"replies":[{"embeddable":true,"href":"https:\/\/archive.sana.sy\/es\/index.php?rest_route=%2Fwp%2Fv2%2Fcomments&post=75530"}],"version-history":[{"count":0,"href":"https:\/\/archive.sana.sy\/es\/index.php?rest_route=\/wp\/v2\/posts\/75530\/revisions"}],"wp:featuredmedia":[{"embeddable":true,"href":"https:\/\/archive.sana.sy\/es\/index.php?rest_route=\/wp\/v2\/media\/75531"}],"wp:attachment":[{"href":"https:\/\/archive.sana.sy\/es\/index.php?rest_route=%2Fwp%2Fv2%2Fmedia&parent=75530"}],"wp:term":[{"taxonomy":"category","embeddable":true,"href":"https:\/\/archive.sana.sy\/es\/index.php?rest_route=%2Fwp%2Fv2%2Fcategories&post=75530"},{"taxonomy":"post_tag","embeddable":true,"href":"https:\/\/archive.sana.sy\/es\/index.php?rest_route=%2Fwp%2Fv2%2Ftags&post=75530"}],"curies":[{"name":"wp","href":"https:\/\/api.w.org\/{rel}","templated":true}]}}