{"id":75551,"date":"2018-01-15T19:27:19","date_gmt":"2018-01-15T17:27:19","guid":{"rendered":"https:\/\/www.sana.sy\/es\/?p=75551"},"modified":"2018-01-15T19:27:19","modified_gmt":"2018-01-15T17:27:19","slug":"el-aleman-hey-entrenara-al-equipo-nacional-de-futbol","status":"publish","type":"post","link":"https:\/\/archive.sana.sy\/es\/?p=75551","title":{"rendered":"El alem\u00e1n Hey entrenar\u00e1 al equipo nacional de futbol"},"content":{"rendered":"<p>Damasco-SANA<\/p>\n<p>La Federaci\u00f3n de Futbol ha alcanzado un acuerdo con el entrenador alem\u00e1n Antoine Hey para entrenar al equipo nacional de Siria de futbol durante un a\u00f1o.<\/p>\n<p>Y.K.<\/p>\n","protected":false},"excerpt":{"rendered":"<p>Damasco-SANA La Federaci\u00f3n de Futbol ha alcanzado un acuerdo con el entrenador alem\u00e1n Antoine Hey para entrenar al equipo nacional de Siria de futbol durante un a\u00f1o. Y.K.<\/p>\n","protected":false},"author":1,"featured_media":75552,"comment_status":"closed","ping_status":"closed","sticky":false,"template":"","format":"standard","meta":{"footnotes":""},"categories":[494],"tags":[],"class_list":["post-75551","post","type-post","status-publish","format-standard","has-post-thumbnail","","category-deportes"],"_links":{"self":[{"href":"https:\/\/archive.sana.sy\/es\/index.php?rest_route=\/wp\/v2\/posts\/75551"}],"collection":[{"href":"https:\/\/archive.sana.sy\/es\/index.php?rest_route=\/wp\/v2\/posts"}],"about":[{"href":"https:\/\/archive.sana.sy\/es\/index.php?rest_route=\/wp\/v2\/types\/post"}],"author":[{"embeddable":true,"href":"https:\/\/archive.sana.sy\/es\/index.php?rest_route=\/wp\/v2\/users\/1"}],"replies":[{"embeddable":true,"href":"https:\/\/archive.sana.sy\/es\/index.php?rest_route=%2Fwp%2Fv2%2Fcomments&post=75551"}],"version-history":[{"count":0,"href":"https:\/\/archive.sana.sy\/es\/index.php?rest_route=\/wp\/v2\/posts\/75551\/revisions"}],"wp:featuredmedia":[{"embeddable":true,"href":"https:\/\/archive.sana.sy\/es\/index.php?rest_route=\/wp\/v2\/media\/75552"}],"wp:attachment":[{"href":"https:\/\/archive.sana.sy\/es\/index.php?rest_route=%2Fwp%2Fv2%2Fmedia&parent=75551"}],"wp:term":[{"taxonomy":"category","embeddable":true,"href":"https:\/\/archive.sana.sy\/es\/index.php?rest_route=%2Fwp%2Fv2%2Fcategories&post=75551"},{"taxonomy":"post_tag","embeddable":true,"href":"https:\/\/archive.sana.sy\/es\/index.php?rest_route=%2Fwp%2Fv2%2Ftags&post=75551"}],"curies":[{"name":"wp","href":"https:\/\/api.w.org\/{rel}","templated":true}]}}