{"id":75728,"date":"2018-01-18T20:26:46","date_gmt":"2018-01-18T18:26:46","guid":{"rendered":"https:\/\/www.sana.sy\/es\/?p=75728"},"modified":"2018-01-18T20:44:38","modified_gmt":"2018-01-18T18:44:38","slug":"lavrov-occidente-hace-la-vista-gorda-al-uso-de-armas-quimicas-por-parte-de-terroristas-en-siria","status":"publish","type":"post","link":"https:\/\/archive.sana.sy\/es\/?p=75728","title":{"rendered":"Lavrov: Occidente hace la vista gorda al uso de armas qu\u00edmicas por parte de terroristas en Siria"},"content":{"rendered":"<p>Nueva York-SANA<\/p>\n<p>El canciller ruso Sergu\u00e9i Lavrov ha afirmado que Occidente hace la vista gorda ante el uso de armas qu\u00edmicas por parte de terroristas en Siria as\u00ed como se niegan a condenarlos.<\/p>\n<p>\u00a8Occidente prefiere acusar al gobierno sirio para servir sus propias agendas\u00a8, agreg\u00f3.<\/p>\n<p>Lavrov dijo en una reuni\u00f3n del Consejo de Seguridad de la ONU sobre la no proliferaci\u00f3n de armas de destrucci\u00f3n masiva que \u00a8es preocupante que los terroristas en Siria e Iraq adquirieron la tecnolog\u00eda para fabricar armas qu\u00edmicas.<\/p>\n<p>\u00a8Este peligro va m\u00e1s all\u00e1 de Medio Oriente con presencia de un gran n\u00famero de terroristas extranjeros\u00a8, agreg\u00f3.<br \/>\n&#8220;Hemos sugerido repetidamente aprobar una resoluci\u00f3n del Consejo de Seguridad de la ONU o al menos una declaraci\u00f3n presidencial denunciando los actos de terrorismo qu\u00edmico en Siria e Irak&#8221;, dijo el diplom\u00e1tico ruso.<\/p>\n<p>&#8220;Desafortunadamente, todas nuestras propuestas siempre han recibido la dura resistencia de varios pa\u00edses occidentales, que prefieren hacer caso omiso ante el uso de armas qu\u00edmicas por terroristas, y presentar acusaciones infundadas contra Damasco,&#8221; subray\u00f3 el canciller ruso.<\/p>\n<p>Lavrov se\u00f1ala que se debe acordar un mecanismo de investigaci\u00f3n en relaci\u00f3n al uso de armas qu\u00edmicas en Siria, adem\u00e1s de respetar los tratados internacionales, en particular la resoluci\u00f3n 1540.<\/p>\n<p>\u00a8El Consejo de Seguridad debe responder a las violaciones de la resoluci\u00f3n 1540, ya sea en Siria, Irak o cualquier otro lugar del mundo\u00a8, enfatiz\u00f3.<\/p>\n<p>Y.K.<\/p>\n","protected":false},"excerpt":{"rendered":"<p>Nueva York-SANA El canciller ruso Sergu\u00e9i Lavrov ha afirmado que Occidente hace la vista gorda ante el uso de armas qu\u00edmicas por parte de terroristas en Siria as\u00ed como se niegan a condenarlos. \u00a8Occidente prefiere acusar al gobierno sirio para servir sus propias agendas\u00a8, agreg\u00f3. Lavrov dijo en una reuni\u00f3n del Consejo de Seguridad de &hellip;<\/p>\n","protected":false},"author":1,"featured_media":75731,"comment_status":"closed","ping_status":"closed","sticky":false,"template":"","format":"standard","meta":{"footnotes":""},"categories":[467,7541],"tags":[],"class_list":["post-75728","post","type-post","status-publish","format-standard","has-post-thumbnail","","category-siria-y-el-mundo","category-ultimas-noticias"],"_links":{"self":[{"href":"https:\/\/archive.sana.sy\/es\/index.php?rest_route=\/wp\/v2\/posts\/75728"}],"collection":[{"href":"https:\/\/archive.sana.sy\/es\/index.php?rest_route=\/wp\/v2\/posts"}],"about":[{"href":"https:\/\/archive.sana.sy\/es\/index.php?rest_route=\/wp\/v2\/types\/post"}],"author":[{"embeddable":true,"href":"https:\/\/archive.sana.sy\/es\/index.php?rest_route=\/wp\/v2\/users\/1"}],"replies":[{"embeddable":true,"href":"https:\/\/archive.sana.sy\/es\/index.php?rest_route=%2Fwp%2Fv2%2Fcomments&post=75728"}],"version-history":[{"count":0,"href":"https:\/\/archive.sana.sy\/es\/index.php?rest_route=\/wp\/v2\/posts\/75728\/revisions"}],"wp:featuredmedia":[{"embeddable":true,"href":"https:\/\/archive.sana.sy\/es\/index.php?rest_route=\/wp\/v2\/media\/75731"}],"wp:attachment":[{"href":"https:\/\/archive.sana.sy\/es\/index.php?rest_route=%2Fwp%2Fv2%2Fmedia&parent=75728"}],"wp:term":[{"taxonomy":"category","embeddable":true,"href":"https:\/\/archive.sana.sy\/es\/index.php?rest_route=%2Fwp%2Fv2%2Fcategories&post=75728"},{"taxonomy":"post_tag","embeddable":true,"href":"https:\/\/archive.sana.sy\/es\/index.php?rest_route=%2Fwp%2Fv2%2Ftags&post=75728"}],"curies":[{"name":"wp","href":"https:\/\/api.w.org\/{rel}","templated":true}]}}