{"id":75841,"date":"2018-01-21T13:04:51","date_gmt":"2018-01-21T11:04:51","guid":{"rendered":"https:\/\/www.sana.sy\/es\/?p=75841"},"modified":"2018-01-21T13:30:05","modified_gmt":"2018-01-21T11:30:05","slug":"incautarse-de-un-camion-cargado-con-grandes-cantidades-de-armas-y-municiones-mientras-se-dirigia-hacia-los-terroristas-de-al-nusra-en-la-ghuta-del-este","status":"publish","type":"post","link":"https:\/\/archive.sana.sy\/es\/?p=75841","title":{"rendered":"Incautarse de un cami\u00f3n cargado con grandes cantidades de armas y municiones mientras se dirig\u00eda hacia los terroristas de al-Nusra en la Ghuta del Este"},"content":{"rendered":"<p><span style=\"color: #800000;\">Rif Dimashq, SANA<\/span><\/p>\n<p>El reportero de SANA inform\u00f3 que las autoridades de seguridad se han incautado, en una emboscada, de grandes cantidades de armas y municiones procedente de la regi\u00f3n sure\u00f1a mientras se dirig\u00eda hacia los terroristas de al-Nusra en la Ghuta del Este en la zona rural de Damasco.<\/p>\n<p><span style=\"color: #0000ff;\">Riad Sh.\/ Dr. A. Shaban<\/span><\/p>\n","protected":false},"excerpt":{"rendered":"<p>Rif Dimashq, SANA El reportero de SANA inform\u00f3 que las autoridades de seguridad se han incautado, en una emboscada, de grandes cantidades de armas y municiones procedente de la regi\u00f3n sure\u00f1a mientras se dirig\u00eda hacia los terroristas de al-Nusra en la Ghuta del Este en la zona rural de Damasco. Riad Sh.\/ Dr. A. Shaban<\/p>\n","protected":false},"author":1,"featured_media":75842,"comment_status":"closed","ping_status":"closed","sticky":false,"template":"","format":"standard","meta":{"footnotes":""},"categories":[597,573,7541],"tags":[11390],"class_list":["post-75841","post","type-post","status-publish","format-standard","has-post-thumbnail","","category-cinta-de-noticias","category-la-realidad-de-los-acontecimientos-en-siria","category-ultimas-noticias","tag-incautarse-de-un-camion-cargado-con-grandes-cantidades-de-armas-y-municiones-mientras-se-dirigia-hacia-los-terroristas-de-al-nusra-en-la-ghuta-del-este"],"_links":{"self":[{"href":"https:\/\/archive.sana.sy\/es\/index.php?rest_route=\/wp\/v2\/posts\/75841"}],"collection":[{"href":"https:\/\/archive.sana.sy\/es\/index.php?rest_route=\/wp\/v2\/posts"}],"about":[{"href":"https:\/\/archive.sana.sy\/es\/index.php?rest_route=\/wp\/v2\/types\/post"}],"author":[{"embeddable":true,"href":"https:\/\/archive.sana.sy\/es\/index.php?rest_route=\/wp\/v2\/users\/1"}],"replies":[{"embeddable":true,"href":"https:\/\/archive.sana.sy\/es\/index.php?rest_route=%2Fwp%2Fv2%2Fcomments&post=75841"}],"version-history":[{"count":0,"href":"https:\/\/archive.sana.sy\/es\/index.php?rest_route=\/wp\/v2\/posts\/75841\/revisions"}],"wp:featuredmedia":[{"embeddable":true,"href":"https:\/\/archive.sana.sy\/es\/index.php?rest_route=\/wp\/v2\/media\/75842"}],"wp:attachment":[{"href":"https:\/\/archive.sana.sy\/es\/index.php?rest_route=%2Fwp%2Fv2%2Fmedia&parent=75841"}],"wp:term":[{"taxonomy":"category","embeddable":true,"href":"https:\/\/archive.sana.sy\/es\/index.php?rest_route=%2Fwp%2Fv2%2Fcategories&post=75841"},{"taxonomy":"post_tag","embeddable":true,"href":"https:\/\/archive.sana.sy\/es\/index.php?rest_route=%2Fwp%2Fv2%2Ftags&post=75841"}],"curies":[{"name":"wp","href":"https:\/\/api.w.org\/{rel}","templated":true}]}}