{"id":75844,"date":"2018-01-21T13:52:50","date_gmt":"2018-01-21T11:52:50","guid":{"rendered":"https:\/\/www.sana.sy\/es\/?p=75844"},"modified":"2018-01-21T13:58:05","modified_gmt":"2018-01-21T11:58:05","slug":"comando-general-del-ejercito-anuncia-la-recuperacion-del-aeropuerto-de-abu-dhuhur-en-el-campo-de-idleb","status":"publish","type":"post","link":"https:\/\/archive.sana.sy\/es\/?p=75844","title":{"rendered":"Comando General del ej\u00e9rcito anuncia la recuperaci\u00f3n del aeropuerto de Abu Dhuhur en el campo de Idleb"},"content":{"rendered":"<p><span style=\"color: #800000;\">Damasco, SANA<\/span><\/p>\n<p>El Comando General del ej\u00e9rcito y las fuerzas armadas han anunciado que tras una serie de operaciones, unidades de las fuerzas armadas en colaboraci\u00f3n con las tropas coligadas han podido recuperar exitosamente el aeropuerto militar de Abu Dhuhur en el campo suroriental de Idleb donde unidades de ingenieros desactivan las minas y trampas sembradas por los terroristas en la zona.<\/p>\n<p>&#8220;La recuperaci\u00f3n del aeropuerto de Abu Dhuhur ha venido tras la liberaci\u00f3n de 300 localidades en los campos de Hama, Idleb y Alepo, y a ra\u00edz del sitio impuesto a la organizaci\u00f3n terrorista Daesh entre Khanasser, Abu Dhuhur y Saen y Hamra, y gracias al aseguramiento de una segunda autopista entre Hama y Alepo, adem\u00e1s de la autopista de Khanasser&#8221;, agreg\u00f3.<\/p>\n<p>El Comando a\u00f1adi\u00f3 que &#8220;las operaciones de combate de las unidades del ej\u00e9rcito en la zona de Abu Dhuhur han dado destruido las unidades selectas de las organizaciones terroristas, lo cual supone un duro de gracia a sus patrocinadores regionales e internacionales.&#8221;<\/p>\n<p>El Comando del ej\u00e9rcito y las fuerzas armadas ha reiterado &#8220;su empe\u00f1o\u00a0por continuar el cumplimiento de su deber patrio en acabar con el\u00a0terrorismo y frustrar a sus apoyos y restaurar la seguridad en todo\u00a0el territorio sirio.&#8221;<\/p>\n<p><span style=\"color: #0000ff;\">Riad Sh.\/ Dr. A. Shaban<\/span><\/p>\n","protected":false},"excerpt":{"rendered":"<p>Damasco, SANA El Comando General del ej\u00e9rcito y las fuerzas armadas han anunciado que tras una serie de operaciones, unidades de las fuerzas armadas en colaboraci\u00f3n con las tropas coligadas han podido recuperar exitosamente el aeropuerto militar de Abu Dhuhur en el campo suroriental de Idleb donde unidades de ingenieros desactivan las minas y trampas &hellip;<\/p>\n","protected":false},"author":1,"featured_media":75845,"comment_status":"closed","ping_status":"closed","sticky":false,"template":"","format":"standard","meta":{"footnotes":""},"categories":[597,573,583,7541],"tags":[11391],"class_list":["post-75844","post","type-post","status-publish","format-standard","has-post-thumbnail","","category-cinta-de-noticias","category-la-realidad-de-los-acontecimientos-en-siria","category-slide","category-ultimas-noticias","tag-comando-general-del-ejercito-anuncia-la-recuperacion-del-aeropuerto-de-abu-dhuhur-en-el-campo-de-idleb"],"_links":{"self":[{"href":"https:\/\/archive.sana.sy\/es\/index.php?rest_route=\/wp\/v2\/posts\/75844"}],"collection":[{"href":"https:\/\/archive.sana.sy\/es\/index.php?rest_route=\/wp\/v2\/posts"}],"about":[{"href":"https:\/\/archive.sana.sy\/es\/index.php?rest_route=\/wp\/v2\/types\/post"}],"author":[{"embeddable":true,"href":"https:\/\/archive.sana.sy\/es\/index.php?rest_route=\/wp\/v2\/users\/1"}],"replies":[{"embeddable":true,"href":"https:\/\/archive.sana.sy\/es\/index.php?rest_route=%2Fwp%2Fv2%2Fcomments&post=75844"}],"version-history":[{"count":0,"href":"https:\/\/archive.sana.sy\/es\/index.php?rest_route=\/wp\/v2\/posts\/75844\/revisions"}],"wp:featuredmedia":[{"embeddable":true,"href":"https:\/\/archive.sana.sy\/es\/index.php?rest_route=\/wp\/v2\/media\/75845"}],"wp:attachment":[{"href":"https:\/\/archive.sana.sy\/es\/index.php?rest_route=%2Fwp%2Fv2%2Fmedia&parent=75844"}],"wp:term":[{"taxonomy":"category","embeddable":true,"href":"https:\/\/archive.sana.sy\/es\/index.php?rest_route=%2Fwp%2Fv2%2Fcategories&post=75844"},{"taxonomy":"post_tag","embeddable":true,"href":"https:\/\/archive.sana.sy\/es\/index.php?rest_route=%2Fwp%2Fv2%2Ftags&post=75844"}],"curies":[{"name":"wp","href":"https:\/\/api.w.org\/{rel}","templated":true}]}}