{"id":75849,"date":"2018-01-21T16:23:58","date_gmt":"2018-01-21T14:23:58","guid":{"rendered":"https:\/\/www.sana.sy\/es\/?p=75849"},"modified":"2019-09-10T12:31:50","modified_gmt":"2019-09-10T09:31:50","slug":"president-al-assad-la-perfida-agresion-turca-sobre-la-ciudad-siria-de-efrin-no-puede-separarse-de-la-politica-pro-terrorista-del-regimen-turco","status":"publish","type":"post","link":"https:\/\/archive.sana.sy\/es\/?p=75849","title":{"rendered":"Presidente al-Assad : la p\u00e9rfida agresi\u00f3n turca sobre la ciudad siria de Efrin no puede separarse de la pol\u00edtica pro terrorista del r\u00e9gimen turco"},"content":{"rendered":"<p><span style=\"color: #800000;\">Damasco, SANA<\/span><\/p>\n<p>El presidente Bashar al-Assad ha recibido hoy a Kamal Kharrazi presidente del Consejo Estrat\u00e9gico de Relaciones Exteriores en la Rep\u00fablica Isl\u00e1mica de Ir\u00e1n y la delegaci\u00f3n acompa\u00f1ante.<\/p>\n<p>Durante el encuentro el presidente al-Assad afirm\u00f3 que el triunfo sobre el terrorismo en Siria e Irak, y la firmeza de Ir\u00e1n en el expediente nuclear ha frustrado el plan que se hab\u00eda trazado para la zona a fin de fragmentar a sus estados y violar su soberan\u00eda y controlar su decisi\u00f3n soberana.<\/p>\n<p>El presidente al-Assad se\u00f1al\u00f3 que el apoyo iran\u00ed a Siria en todos los \u00e1mbitos especialmente en el combate al terrorismo han contribuido a los \u00e9xitos que esta logrando el ej\u00e9rcito \u00e1rabe sirio contra los terroristas.<\/p>\n<p>El president subray\u00f3 que la p\u00e9rfida agresi\u00f3n turca sobre la ciudad siria de Efrin no puede separarse de la pol\u00edtica seguida por el r\u00e9gimen turco desde el primer d\u00eda de la crisis en Siria la cual pol\u00edtica se bas\u00f3 en apoyar a las organizaciones terroristas de diversas denominaciones.<\/p>\n<p>A su vez Kharrazi felicit\u00f3 al presidente al-Assad y al pueblo sirio por los triunfos sucesivos sobre los terroristas, el \u00faltimo ha sido la recuperaci\u00f3n del aeropuerto de Abu Dhuhur y expres\u00f3 su fe en que esos triunfos se coronar\u00e1n con m\u00e1s logros en los planos militar y pol\u00edtico.<\/p>\n<p>Kharrazi subray\u00f3 la importancia de mantener el intercambio de criterios y la colaboraci\u00f3n estrecha entre Siria e Ir\u00e1n para hacer frente a las conspiraciones externas considerando que la concordancia sirio-iran\u00ed ha jugado un rol positivo en esa direcci\u00f3n.<\/p>\n<p>En el mismo marco el vicepresidente del Consejo de Ministros y ministro de Exteriores y Expatriados, Walid al-Mualem, se reuni\u00f3 antes del mediod\u00eda de hoy con Kharrazi y la delegaci\u00f3n que le acompa\u00f1a, pues los puntos de vista estaban id\u00e9nticos sobre la importancia de potenciar las relaciones bilaterales y de ahondar la coordinaci\u00f3n y las consultas durante la pr\u00f3xima etapa en todos los \u00e1mbitos, de forma que contribuya a afianzar los triunfos logrados en la guerra sobre el terrorismo y refuerce el proceso de arreglo pol\u00edtico a la crisis en Siria.<\/p>\n<p>Riyad Sh., Lynn A.-Y.K.<\/p>\n","protected":false},"excerpt":{"rendered":"<p>Damasco, SANA El presidente Bashar al-Assad ha recibido hoy a Kamal Kharrazi presidente del Consejo Estrat\u00e9gico de Relaciones Exteriores en la Rep\u00fablica Isl\u00e1mica de Ir\u00e1n y la delegaci\u00f3n acompa\u00f1ante. Durante el encuentro el presidente al-Assad afirm\u00f3 que el triunfo sobre el terrorismo en Siria e Irak, y la firmeza de Ir\u00e1n en el expediente nuclear &hellip;<\/p>\n","protected":false},"author":24,"featured_media":75850,"comment_status":"closed","ping_status":"closed","sticky":false,"template":"","format":"standard","meta":{"footnotes":""},"categories":[597,16237,583,626],"tags":[],"class_list":["post-75849","post","type-post","status-publish","format-standard","has-post-thumbnail","","category-cinta-de-noticias","category-presidence-de-la-republique-arabe-syria","category-slide","category-sr-presidente"],"_links":{"self":[{"href":"https:\/\/archive.sana.sy\/es\/index.php?rest_route=\/wp\/v2\/posts\/75849"}],"collection":[{"href":"https:\/\/archive.sana.sy\/es\/index.php?rest_route=\/wp\/v2\/posts"}],"about":[{"href":"https:\/\/archive.sana.sy\/es\/index.php?rest_route=\/wp\/v2\/types\/post"}],"author":[{"embeddable":true,"href":"https:\/\/archive.sana.sy\/es\/index.php?rest_route=\/wp\/v2\/users\/24"}],"replies":[{"embeddable":true,"href":"https:\/\/archive.sana.sy\/es\/index.php?rest_route=%2Fwp%2Fv2%2Fcomments&post=75849"}],"version-history":[{"count":0,"href":"https:\/\/archive.sana.sy\/es\/index.php?rest_route=\/wp\/v2\/posts\/75849\/revisions"}],"wp:featuredmedia":[{"embeddable":true,"href":"https:\/\/archive.sana.sy\/es\/index.php?rest_route=\/wp\/v2\/media\/75850"}],"wp:attachment":[{"href":"https:\/\/archive.sana.sy\/es\/index.php?rest_route=%2Fwp%2Fv2%2Fmedia&parent=75849"}],"wp:term":[{"taxonomy":"category","embeddable":true,"href":"https:\/\/archive.sana.sy\/es\/index.php?rest_route=%2Fwp%2Fv2%2Fcategories&post=75849"},{"taxonomy":"post_tag","embeddable":true,"href":"https:\/\/archive.sana.sy\/es\/index.php?rest_route=%2Fwp%2Fv2%2Ftags&post=75849"}],"curies":[{"name":"wp","href":"https:\/\/api.w.org\/{rel}","templated":true}]}}