{"id":75864,"date":"2018-01-21T19:04:00","date_gmt":"2018-01-21T17:04:00","guid":{"rendered":"https:\/\/www.sana.sy\/es\/?p=75864"},"modified":"2018-01-21T19:04:00","modified_gmt":"2018-01-21T17:04:00","slug":"shaaban-siria-busca-una-solucion-politica-que-sirva-los-intereses-del-pueblo-sirio","status":"publish","type":"post","link":"https:\/\/archive.sana.sy\/es\/?p=75864","title":{"rendered":"Shaaban: Siria busca una soluci\u00f3n pol\u00edtica que sirva los intereses del pueblo sirio"},"content":{"rendered":"<p>Damasco-SANA<\/p>\n<p>La asesora pol\u00edtica y medi\u00e1tica en la Presidencia de la Rep\u00fablica, Buthaina Shaaban, examin\u00f3 con Feng Biao , Director General Adjunto del Departamento de Asuntos de \u00c1frica Occidental y Asia y con los miembros de la delegaci\u00f3n que lo acompa\u00f1a, la evoluci\u00f3n en Siria y las regi\u00f3n, as\u00ed como las relaciones de cooperaci\u00f3n entre Siria y China.<\/p>\n<p>Shaaban elogi\u00f3 las posturas de China en apoyo a Siria e hizo hincapi\u00e9 en la importancia de la cooperaci\u00f3n econ\u00f3mica con China en la pr\u00f3xima etapa.<\/p>\n<p>Se\u00f1al\u00f3 que el gobierno sirio dar\u00e1 prioridad a los pa\u00edses amigos para la reconstrucci\u00f3n de Siria.<\/p>\n<p>\u00a8La intenci\u00f3n de EEUU formar una milicia de mercenarios en territorio sirio es inaceptable y condenamos tal acci\u00f3n opin\u00f3.<\/p>\n<p>Consider\u00f3 que la agresi\u00f3n turca contra Efrin no hubiera producido si no diese los EEUU luz verde para ello y agreg\u00f3 que el objetivo de todo eso es prolongar la guerra y obstaculizar la soluci\u00f3n pol\u00edtica.<\/p>\n<p>Reiter\u00f3 que Siria busca una soluci\u00f3n pol\u00edtica que sirva el inter\u00e9s de su pueblo la cual deciden los sirios por si mismos.<\/p>\n<p>Biao por su parte afirm\u00f3 la disposici\u00f3n de su gobierno a desarrollar las relaciones de cooperaci\u00f3n con Siria en todos los \u00e1mbitos.<\/p>\n<p>Asimismo confirm\u00f3 la postura de China en apoyo a Siria en su guerra contra el terrorismo.<\/p>\n<p>Y.K.<\/p>\n","protected":false},"excerpt":{"rendered":"<p>Damasco-SANA La asesora pol\u00edtica y medi\u00e1tica en la Presidencia de la Rep\u00fablica, Buthaina Shaaban, examin\u00f3 con Feng Biao , Director General Adjunto del Departamento de Asuntos de \u00c1frica Occidental y Asia y con los miembros de la delegaci\u00f3n que lo acompa\u00f1a, la evoluci\u00f3n en Siria y las regi\u00f3n, as\u00ed como las relaciones de cooperaci\u00f3n entre &hellip;<\/p>\n","protected":false},"author":1,"featured_media":75865,"comment_status":"closed","ping_status":"closed","sticky":false,"template":"","format":"standard","meta":{"footnotes":""},"categories":[476,7541],"tags":[],"class_list":["post-75864","post","type-post","status-publish","format-standard","has-post-thumbnail","","category-locales","category-ultimas-noticias"],"_links":{"self":[{"href":"https:\/\/archive.sana.sy\/es\/index.php?rest_route=\/wp\/v2\/posts\/75864"}],"collection":[{"href":"https:\/\/archive.sana.sy\/es\/index.php?rest_route=\/wp\/v2\/posts"}],"about":[{"href":"https:\/\/archive.sana.sy\/es\/index.php?rest_route=\/wp\/v2\/types\/post"}],"author":[{"embeddable":true,"href":"https:\/\/archive.sana.sy\/es\/index.php?rest_route=\/wp\/v2\/users\/1"}],"replies":[{"embeddable":true,"href":"https:\/\/archive.sana.sy\/es\/index.php?rest_route=%2Fwp%2Fv2%2Fcomments&post=75864"}],"version-history":[{"count":0,"href":"https:\/\/archive.sana.sy\/es\/index.php?rest_route=\/wp\/v2\/posts\/75864\/revisions"}],"wp:featuredmedia":[{"embeddable":true,"href":"https:\/\/archive.sana.sy\/es\/index.php?rest_route=\/wp\/v2\/media\/75865"}],"wp:attachment":[{"href":"https:\/\/archive.sana.sy\/es\/index.php?rest_route=%2Fwp%2Fv2%2Fmedia&parent=75864"}],"wp:term":[{"taxonomy":"category","embeddable":true,"href":"https:\/\/archive.sana.sy\/es\/index.php?rest_route=%2Fwp%2Fv2%2Fcategories&post=75864"},{"taxonomy":"post_tag","embeddable":true,"href":"https:\/\/archive.sana.sy\/es\/index.php?rest_route=%2Fwp%2Fv2%2Ftags&post=75864"}],"curies":[{"name":"wp","href":"https:\/\/api.w.org\/{rel}","templated":true}]}}