{"id":75867,"date":"2018-01-21T17:20:20","date_gmt":"2018-01-21T15:20:20","guid":{"rendered":"https:\/\/www.sana.sy\/es\/?p=75867"},"modified":"2018-01-21T19:21:55","modified_gmt":"2018-01-21T17:21:55","slug":"iran-agresion-turca-solo-sirve-los-intereses-de-las-organizaciones-terroristas","status":"publish","type":"post","link":"https:\/\/archive.sana.sy\/es\/?p=75867","title":{"rendered":"Ir\u00e1n: Agresi\u00f3n turca solo sirve los intereses de las organizaciones terroristas"},"content":{"rendered":"<p>Teher\u00e1n-SANA<\/p>\n<p>El Ministerio de Exteriores de Ir\u00e1n ha exhortado que se detenga la agresi\u00f3n turca contra Siria, subrayando la necesidad de preservar la integridad territorial de Siria y respetar su soberan\u00eda.<\/p>\n<p>&#8220;La Rep\u00fablica Isl\u00e1mica de Ir\u00e1n sigue de cerca los acontecimientos que tienen lugar en la ciudad siria de Efrin, y espera que esta operaci\u00f3n (turca) termine inmediatamente &#8220;, dijo el portavoz del Ministerio de Asuntos Exteriores iran\u00ed Bahram Qassemi.<\/p>\n<p>\u00a8La continuaci\u00f3n de la agresi\u00f3n solo servir\u00e1 los intereses de las organizaciones terroristas y constituye una violaci\u00f3n de la soberan\u00eda de Siria\u00b4, agreg\u00f3.<\/p>\n<p>&#8220;La crisis siria se produjo como consecuencia del comportamiento irresponsable y las medidas provocadoras e injerencias ilegales de fuerzas extranjeras como Estados Unidos y el ente sionista&#8221;, opin\u00f3 Qassemi.<\/p>\n<p>Y.K.<\/p>\n","protected":false},"excerpt":{"rendered":"<p>Teher\u00e1n-SANA El Ministerio de Exteriores de Ir\u00e1n ha exhortado que se detenga la agresi\u00f3n turca contra Siria, subrayando la necesidad de preservar la integridad territorial de Siria y respetar su soberan\u00eda. &#8220;La Rep\u00fablica Isl\u00e1mica de Ir\u00e1n sigue de cerca los acontecimientos que tienen lugar en la ciudad siria de Efrin, y espera que esta operaci\u00f3n &hellip;<\/p>\n","protected":false},"author":1,"featured_media":75868,"comment_status":"closed","ping_status":"closed","sticky":false,"template":"","format":"standard","meta":{"footnotes":""},"categories":[467,7541],"tags":[],"class_list":["post-75867","post","type-post","status-publish","format-standard","has-post-thumbnail","","category-siria-y-el-mundo","category-ultimas-noticias"],"_links":{"self":[{"href":"https:\/\/archive.sana.sy\/es\/index.php?rest_route=\/wp\/v2\/posts\/75867"}],"collection":[{"href":"https:\/\/archive.sana.sy\/es\/index.php?rest_route=\/wp\/v2\/posts"}],"about":[{"href":"https:\/\/archive.sana.sy\/es\/index.php?rest_route=\/wp\/v2\/types\/post"}],"author":[{"embeddable":true,"href":"https:\/\/archive.sana.sy\/es\/index.php?rest_route=\/wp\/v2\/users\/1"}],"replies":[{"embeddable":true,"href":"https:\/\/archive.sana.sy\/es\/index.php?rest_route=%2Fwp%2Fv2%2Fcomments&post=75867"}],"version-history":[{"count":0,"href":"https:\/\/archive.sana.sy\/es\/index.php?rest_route=\/wp\/v2\/posts\/75867\/revisions"}],"wp:featuredmedia":[{"embeddable":true,"href":"https:\/\/archive.sana.sy\/es\/index.php?rest_route=\/wp\/v2\/media\/75868"}],"wp:attachment":[{"href":"https:\/\/archive.sana.sy\/es\/index.php?rest_route=%2Fwp%2Fv2%2Fmedia&parent=75867"}],"wp:term":[{"taxonomy":"category","embeddable":true,"href":"https:\/\/archive.sana.sy\/es\/index.php?rest_route=%2Fwp%2Fv2%2Fcategories&post=75867"},{"taxonomy":"post_tag","embeddable":true,"href":"https:\/\/archive.sana.sy\/es\/index.php?rest_route=%2Fwp%2Fv2%2Ftags&post=75867"}],"curies":[{"name":"wp","href":"https:\/\/api.w.org\/{rel}","templated":true}]}}