{"id":7589,"date":"2014-08-21T21:16:52","date_gmt":"2014-08-21T18:16:52","guid":{"rendered":"http:\/\/www.sana.sy\/es\/?p=7589"},"modified":"2023-01-09T14:10:37","modified_gmt":"2023-01-09T12:10:37","slug":"gobernacion-de-alepo-envia-un-convoy-de-ayuda-a-las-ciudades-de-tal-aren-y-tal-hasel","status":"publish","type":"post","link":"https:\/\/archive.sana.sy\/es\/?p=7589","title":{"rendered":"Gobernaci\u00f3n de Alepo env\u00eda un convoy de ayuda a las ciudades de Tal Aren y Tal Hasel"},"content":{"rendered":"<p>Alepo-SANA<\/p>\n<p>La Gobernaci\u00f3n de Alepo en colaboraci\u00f3n con la Secretaria Siria para el Desarrollo, ha enviado un convoy de ayuda humanitaria a las ciudades de Tal Aren y Tal Hasel, ubicados en la campi\u00f1a de la provincia.<\/p>\n<p>El gobernador de Alepo Mohammed Wahid Akkad en una declaraci\u00f3n a SANA dijo que este convoy incluye 20 camiones cargados con materiales sanitarios, utensilios de cocina y mantas para 1500 familias.<\/p>\n<p>Akkad afirm\u00f3 que se est\u00e1 trabajando para enviar convoyes de ayuda humanitaria a cada persona afectadas y necesitada, tanto en la ciudad con en el campo de la provincia, agregando que la gobernaci\u00f3n tambi\u00e9n no escatimar\u00e1 esfuerzos en este sentido y proporcionar\u00e1 toda la ayuda para las personas que laboran en el \u00e1mbito humanitario.<\/p>\n<p>Yamil K.<\/p>\n","protected":false},"excerpt":{"rendered":"<p>Alepo-SANA La Gobernaci\u00f3n de Alepo en colaboraci\u00f3n con la Secretaria Siria para el Desarrollo, ha enviado un convoy de ayuda humanitaria a las ciudades de Tal Aren y Tal Hasel, ubicados en la campi\u00f1a de la provincia. El gobernador de Alepo Mohammed Wahid Akkad en una declaraci\u00f3n a SANA dijo que este convoy incluye 20 &hellip;<\/p>\n","protected":false},"author":1,"featured_media":7590,"comment_status":"closed","ping_status":"closed","sticky":false,"template":"","format":"standard","meta":{"footnotes":""},"categories":[476,457],"tags":[],"class_list":["post-7589","post","type-post","status-publish","format-standard","has-post-thumbnail","","category-locales","category-noticias-arabe-internacional-politica"],"_links":{"self":[{"href":"https:\/\/archive.sana.sy\/es\/index.php?rest_route=\/wp\/v2\/posts\/7589"}],"collection":[{"href":"https:\/\/archive.sana.sy\/es\/index.php?rest_route=\/wp\/v2\/posts"}],"about":[{"href":"https:\/\/archive.sana.sy\/es\/index.php?rest_route=\/wp\/v2\/types\/post"}],"author":[{"embeddable":true,"href":"https:\/\/archive.sana.sy\/es\/index.php?rest_route=\/wp\/v2\/users\/1"}],"replies":[{"embeddable":true,"href":"https:\/\/archive.sana.sy\/es\/index.php?rest_route=%2Fwp%2Fv2%2Fcomments&post=7589"}],"version-history":[{"count":0,"href":"https:\/\/archive.sana.sy\/es\/index.php?rest_route=\/wp\/v2\/posts\/7589\/revisions"}],"wp:featuredmedia":[{"embeddable":true,"href":"https:\/\/archive.sana.sy\/es\/index.php?rest_route=\/wp\/v2\/media\/7590"}],"wp:attachment":[{"href":"https:\/\/archive.sana.sy\/es\/index.php?rest_route=%2Fwp%2Fv2%2Fmedia&parent=7589"}],"wp:term":[{"taxonomy":"category","embeddable":true,"href":"https:\/\/archive.sana.sy\/es\/index.php?rest_route=%2Fwp%2Fv2%2Fcategories&post=7589"},{"taxonomy":"post_tag","embeddable":true,"href":"https:\/\/archive.sana.sy\/es\/index.php?rest_route=%2Fwp%2Fv2%2Ftags&post=7589"}],"curies":[{"name":"wp","href":"https:\/\/api.w.org\/{rel}","templated":true}]}}