{"id":75955,"date":"2018-01-23T17:21:40","date_gmt":"2018-01-23T15:21:40","guid":{"rendered":"https:\/\/www.sana.sy\/es\/?p=75955"},"modified":"2018-01-23T17:22:36","modified_gmt":"2018-01-23T15:22:36","slug":"ataques-terroristas-con-proyectiles-dejan-danos-materiales-en-el-campamento-de-al-wafidin","status":"publish","type":"post","link":"https:\/\/archive.sana.sy\/es\/?p=75955","title":{"rendered":"Ataques terroristas con proyectiles dejan da\u00f1os materiales en el campamento de al Wafidin"},"content":{"rendered":"<p><span style=\"color: #800000\">Damasco Rural, SANA<\/span>&#8211; De Nuevo, integrantes terroristas violaron el acuerdo de zonas de distenci\u00f3n al atacar con proyectiles de cohetes el campamento de al Wafidin en el campo de Damasco.<\/p>\n<p>&#8220;Tres proyectiles lanzados por efectivos terroristas afincados en al Goutta Oriental impactaron en el campamento de al Wafidin, causando dalos materiales en la zona, sin registrar da\u00f1os materiales,&#8221; comunic\u00f3 una fuente del Comando de Polic\u00eda de Damasco.<\/p>\n<p>El lunes pasado 9 civiles murieron y otros 21 resultaron heridos en ataques terroristas con proyectiles que cayeron en el barrio de Bab Touma.<\/p>\n<p>M\/Miri<\/p>\n","protected":false},"excerpt":{"rendered":"<p>Damasco Rural, SANA&#8211; De Nuevo, integrantes terroristas violaron el acuerdo de zonas de distenci\u00f3n al atacar con proyectiles de cohetes el campamento de al Wafidin en el campo de Damasco. &#8220;Tres proyectiles lanzados por efectivos terroristas afincados en al Goutta Oriental impactaron en el campamento de al Wafidin, causando dalos materiales en la zona, sin &hellip;<\/p>\n","protected":false},"author":1,"featured_media":75956,"comment_status":"closed","ping_status":"closed","sticky":false,"template":"","format":"standard","meta":{"footnotes":""},"categories":[597,573,7541],"tags":[10639],"class_list":["post-75955","post","type-post","status-publish","format-standard","has-post-thumbnail","","category-cinta-de-noticias","category-la-realidad-de-los-acontecimientos-en-siria","category-ultimas-noticias","tag-ataques-terroristas"],"_links":{"self":[{"href":"https:\/\/archive.sana.sy\/es\/index.php?rest_route=\/wp\/v2\/posts\/75955"}],"collection":[{"href":"https:\/\/archive.sana.sy\/es\/index.php?rest_route=\/wp\/v2\/posts"}],"about":[{"href":"https:\/\/archive.sana.sy\/es\/index.php?rest_route=\/wp\/v2\/types\/post"}],"author":[{"embeddable":true,"href":"https:\/\/archive.sana.sy\/es\/index.php?rest_route=\/wp\/v2\/users\/1"}],"replies":[{"embeddable":true,"href":"https:\/\/archive.sana.sy\/es\/index.php?rest_route=%2Fwp%2Fv2%2Fcomments&post=75955"}],"version-history":[{"count":0,"href":"https:\/\/archive.sana.sy\/es\/index.php?rest_route=\/wp\/v2\/posts\/75955\/revisions"}],"wp:featuredmedia":[{"embeddable":true,"href":"https:\/\/archive.sana.sy\/es\/index.php?rest_route=\/wp\/v2\/media\/75956"}],"wp:attachment":[{"href":"https:\/\/archive.sana.sy\/es\/index.php?rest_route=%2Fwp%2Fv2%2Fmedia&parent=75955"}],"wp:term":[{"taxonomy":"category","embeddable":true,"href":"https:\/\/archive.sana.sy\/es\/index.php?rest_route=%2Fwp%2Fv2%2Fcategories&post=75955"},{"taxonomy":"post_tag","embeddable":true,"href":"https:\/\/archive.sana.sy\/es\/index.php?rest_route=%2Fwp%2Fv2%2Ftags&post=75955"}],"curies":[{"name":"wp","href":"https:\/\/api.w.org\/{rel}","templated":true}]}}