{"id":75961,"date":"2018-01-23T17:19:51","date_gmt":"2018-01-23T15:19:51","guid":{"rendered":"https:\/\/www.sana.sy\/es\/?p=75961"},"modified":"2018-01-23T17:19:51","modified_gmt":"2018-01-23T15:19:51","slug":"dos-jovenes-palestinos-heridos-por-fuerzas-de-la-ocupacion-en-cisjordania","status":"publish","type":"post","link":"https:\/\/archive.sana.sy\/es\/?p=75961","title":{"rendered":"Dos j\u00f3venes palestinos heridos por fuerzas de la ocupaci\u00f3n en Cisjordania"},"content":{"rendered":"<p><span style=\"color: #800000\">Jerusal\u00e9n ocupada (Al Quds), SANA<\/span>&#8211; Dos j\u00f3venes palestinos resultaron heridos por balas disparadas por las fuerzas de ocupaci\u00f3n israel\u00edes al sur de Nabl\u00fas en Cisjordania.<\/p>\n<p>Fuentes m\u00e9dicas informaron a la agencia de noticias palestina WAFA que los dos j\u00f3venes han sido heridos por un disparo con balas reales cerca del puesto de control Za&#8217;tara al sur de Nabl\u00fas, donde las fuerzas israel\u00edes siguen impidiendo la entrada a los equipos m\u00e9dicos de la Media Luna Roja.<\/p>\n<p>Por otro lado, las fuerzas de ocupaci\u00f3n israel\u00edes arrestaron a siete palestinos, entre ellos seis ni\u00f1os, tras unas redadas llevadas a cabo en varias zonas de Jerusal\u00e9n ocupada, as\u00ed como otros dos joven fueron detenidos en del campamento de Aida al norte de Bel\u00e9n.<\/p>\n<p>Las fuerzas de ocupaci\u00f3n israel\u00edes arrestaron ayer a 11 palestinos en Cisjordania.<\/p>\n<p>Adem\u00e1s, grupos de extremistas colonos israel\u00edes renovaron sus incursiones en la mezquita de Al-Aqsa bajo una cobertura de seguridad intensa por parte de fuerzas de ocupaci\u00f3n israel\u00edes.<\/p>\n<p>M\/Miri<\/p>\n","protected":false},"excerpt":{"rendered":"<p>Jerusal\u00e9n ocupada (Al Quds), SANA&#8211; Dos j\u00f3venes palestinos resultaron heridos por balas disparadas por las fuerzas de ocupaci\u00f3n israel\u00edes al sur de Nabl\u00fas en Cisjordania. Fuentes m\u00e9dicas informaron a la agencia de noticias palestina WAFA que los dos j\u00f3venes han sido heridos por un disparo con balas reales cerca del puesto de control Za&#8217;tara al &hellip;<\/p>\n","protected":false},"author":1,"featured_media":75962,"comment_status":"closed","ping_status":"closed","sticky":false,"template":"","format":"standard","meta":{"footnotes":""},"categories":[477,597,456,7541],"tags":[10624],"class_list":["post-75961","post","type-post","status-publish","format-standard","has-post-thumbnail","","category-noticias-edulcorantes","category-cinta-de-noticias","category-arabe-internacional-politica","category-ultimas-noticias","tag-palestinos-heridos"],"_links":{"self":[{"href":"https:\/\/archive.sana.sy\/es\/index.php?rest_route=\/wp\/v2\/posts\/75961"}],"collection":[{"href":"https:\/\/archive.sana.sy\/es\/index.php?rest_route=\/wp\/v2\/posts"}],"about":[{"href":"https:\/\/archive.sana.sy\/es\/index.php?rest_route=\/wp\/v2\/types\/post"}],"author":[{"embeddable":true,"href":"https:\/\/archive.sana.sy\/es\/index.php?rest_route=\/wp\/v2\/users\/1"}],"replies":[{"embeddable":true,"href":"https:\/\/archive.sana.sy\/es\/index.php?rest_route=%2Fwp%2Fv2%2Fcomments&post=75961"}],"version-history":[{"count":0,"href":"https:\/\/archive.sana.sy\/es\/index.php?rest_route=\/wp\/v2\/posts\/75961\/revisions"}],"wp:featuredmedia":[{"embeddable":true,"href":"https:\/\/archive.sana.sy\/es\/index.php?rest_route=\/wp\/v2\/media\/75962"}],"wp:attachment":[{"href":"https:\/\/archive.sana.sy\/es\/index.php?rest_route=%2Fwp%2Fv2%2Fmedia&parent=75961"}],"wp:term":[{"taxonomy":"category","embeddable":true,"href":"https:\/\/archive.sana.sy\/es\/index.php?rest_route=%2Fwp%2Fv2%2Fcategories&post=75961"},{"taxonomy":"post_tag","embeddable":true,"href":"https:\/\/archive.sana.sy\/es\/index.php?rest_route=%2Fwp%2Fv2%2Ftags&post=75961"}],"curies":[{"name":"wp","href":"https:\/\/api.w.org\/{rel}","templated":true}]}}