{"id":76110,"date":"2018-01-27T13:08:06","date_gmt":"2018-01-27T11:08:06","guid":{"rendered":"https:\/\/www.sana.sy\/es\/?p=76110"},"modified":"2018-01-27T16:41:12","modified_gmt":"2018-01-27T14:41:12","slug":"la-agresion-del-regimen-turco-causa-mas-victimas-y-destruccion-en-afrin-en-el-campo-de-alepo","status":"publish","type":"post","link":"https:\/\/archive.sana.sy\/es\/?p=76110","title":{"rendered":"La agresi\u00f3n del r\u00e9gimen turco causa m\u00e1s v\u00edctimas y destrucci\u00f3n en Afrin en el campo de Alepo"},"content":{"rendered":"<p>&nbsp;<\/p>\n<p><span style=\"color: #800000;\">Alepo-SANA<\/span><\/p>\n<p>Las fuerzas del r\u00e9gimen turco atacaron con diferentes tipos de armas las viviendas en la zona de Afrin en el campo de Alepo, lo que caus\u00f3 gran destrucci\u00f3n en las propiedades p\u00fablicas y privadas.<\/p>\n<p>Fuentes civiles informaron que las fuerzas del r\u00e9gimen turco atacaron las viviendas y establecimientos de utilidad p\u00fablica en las localidades de Hajji Iskandari, Hamam, en la regi\u00f3n de Jenderes, y Tobal, Qurna, Ala Jaro, las inmediaciones del monte de Gur, en la regi\u00f3n de Balbala en la zona de Afrin, unos 63 Km al norte de Alepo.<\/p>\n<p>La fuente se\u00f1al\u00f3 que la agresi\u00f3n turca caus\u00f3 varios heridos, da\u00f1os materiales, y gran destrucci\u00f3n en la infraestructura, mientras que el paso se paraliz\u00f3 en la zona de Afrin por el bombardeo continuo e intensivo.<\/p>\n<p>La agresi\u00f3n turca caus\u00f3 en la primera semana 86 m\u00e1rtires y 198 heridos de los civiles, adem\u00e1s de grandes da\u00f1os materiales, y gran destrucci\u00f3n en la infraestructura.<\/p>\n<p>Miles de civiles abandonaron sus hogares en Afrin y en las localidades colindantes en la comarca norte\u00f1a de Alepo, por la agresi\u00f3n turca, donde las Naciones Unidas afirm\u00f3 el desplazamiento de unos 5000 civiles por la agresi\u00f3n.<\/p>\n<p>&nbsp;<\/p>\n<p><span style=\"color: #0000ff;\">Akram. s<\/span><\/p>\n","protected":false},"excerpt":{"rendered":"<p>&nbsp; Alepo-SANA Las fuerzas del r\u00e9gimen turco atacaron con diferentes tipos de armas las viviendas en la zona de Afrin en el campo de Alepo, lo que caus\u00f3 gran destrucci\u00f3n en las propiedades p\u00fablicas y privadas. Fuentes civiles informaron que las fuerzas del r\u00e9gimen turco atacaron las viviendas y establecimientos de utilidad p\u00fablica en las &hellip;<\/p>\n","protected":false},"author":1,"featured_media":76111,"comment_status":"closed","ping_status":"closed","sticky":false,"template":"","format":"standard","meta":{"footnotes":""},"categories":[597,476,583,7541],"tags":[],"class_list":["post-76110","post","type-post","status-publish","format-standard","has-post-thumbnail","","category-cinta-de-noticias","category-locales","category-slide","category-ultimas-noticias"],"_links":{"self":[{"href":"https:\/\/archive.sana.sy\/es\/index.php?rest_route=\/wp\/v2\/posts\/76110"}],"collection":[{"href":"https:\/\/archive.sana.sy\/es\/index.php?rest_route=\/wp\/v2\/posts"}],"about":[{"href":"https:\/\/archive.sana.sy\/es\/index.php?rest_route=\/wp\/v2\/types\/post"}],"author":[{"embeddable":true,"href":"https:\/\/archive.sana.sy\/es\/index.php?rest_route=\/wp\/v2\/users\/1"}],"replies":[{"embeddable":true,"href":"https:\/\/archive.sana.sy\/es\/index.php?rest_route=%2Fwp%2Fv2%2Fcomments&post=76110"}],"version-history":[{"count":0,"href":"https:\/\/archive.sana.sy\/es\/index.php?rest_route=\/wp\/v2\/posts\/76110\/revisions"}],"wp:featuredmedia":[{"embeddable":true,"href":"https:\/\/archive.sana.sy\/es\/index.php?rest_route=\/wp\/v2\/media\/76111"}],"wp:attachment":[{"href":"https:\/\/archive.sana.sy\/es\/index.php?rest_route=%2Fwp%2Fv2%2Fmedia&parent=76110"}],"wp:term":[{"taxonomy":"category","embeddable":true,"href":"https:\/\/archive.sana.sy\/es\/index.php?rest_route=%2Fwp%2Fv2%2Fcategories&post=76110"},{"taxonomy":"post_tag","embeddable":true,"href":"https:\/\/archive.sana.sy\/es\/index.php?rest_route=%2Fwp%2Fv2%2Ftags&post=76110"}],"curies":[{"name":"wp","href":"https:\/\/api.w.org\/{rel}","templated":true}]}}