{"id":76122,"date":"2018-01-27T14:45:23","date_gmt":"2018-01-27T12:45:23","guid":{"rendered":"https:\/\/www.sana.sy\/es\/?p=76122"},"modified":"2018-01-27T14:45:23","modified_gmt":"2018-01-27T12:45:23","slug":"rusia-preve-una-respuesta-positiva-de-naciones-unidas-respecto-a-la-participacion-de-gutierres-en-la-conferencia-de-sochi","status":"publish","type":"post","link":"https:\/\/archive.sana.sy\/es\/?p=76122","title":{"rendered":"Rusia prev\u00e9 una respuesta positiva de Naciones Unidas respecto a la participaci\u00f3n de Gutierres en la conferencia de Sochi"},"content":{"rendered":"<p>&nbsp;<\/p>\n<p><span style=\"color: #800000;\">Viena-SANA<\/span><\/p>\n<p>El director del departamento de Oriente Medio y Norte de \u00c1frica en el ministerio de Exteriores ruso, Serguei Vershinin, subray\u00f3 que Mosc\u00fa prev\u00e9 una aceptaci\u00f3n por parte del secretario general de Naciones Unidas, Antonio Gutierres, para asistir a la conferencia de di\u00e1logo nacional sirio, prevista a celebrarse en Sochi a finales de este mes.<\/p>\n<p>Teniendo en cuenta el importante comunicado pronunciado por el enviado especial de Naciones Unidas a Siria, Staffan de Mistura en Viena, Rusia prev\u00e9 que el secretario general de Naciones Unidas acepte la participaci\u00f3n en la conferencia de Sochi, dijo Vershinin.<\/p>\n<p>Por otra parte, una fuente del ministerio de Exteriores ruso afirm\u00f3 que la conferencia de di\u00e1logo nacional sirio se celebrar\u00e1 en su fecha determinada, independientemente de la participaci\u00f3n de la oposici\u00f3n de Riad o no, aclarando que Mosc\u00fa no recibi\u00f3 de ella una respuesta oficial a la invitaci\u00f3n rusa.<\/p>\n<p>&nbsp;<\/p>\n<p><span style=\"color: #0000ff;\">Akram. S<\/span><\/p>\n","protected":false},"excerpt":{"rendered":"<p>&nbsp; Viena-SANA El director del departamento de Oriente Medio y Norte de \u00c1frica en el ministerio de Exteriores ruso, Serguei Vershinin, subray\u00f3 que Mosc\u00fa prev\u00e9 una aceptaci\u00f3n por parte del secretario general de Naciones Unidas, Antonio Gutierres, para asistir a la conferencia de di\u00e1logo nacional sirio, prevista a celebrarse en Sochi a finales de este &hellip;<\/p>\n","protected":false},"author":1,"featured_media":76123,"comment_status":"closed","ping_status":"closed","sticky":false,"template":"","format":"standard","meta":{"footnotes":""},"categories":[597,467,7541],"tags":[],"class_list":["post-76122","post","type-post","status-publish","format-standard","has-post-thumbnail","","category-cinta-de-noticias","category-siria-y-el-mundo","category-ultimas-noticias"],"_links":{"self":[{"href":"https:\/\/archive.sana.sy\/es\/index.php?rest_route=\/wp\/v2\/posts\/76122"}],"collection":[{"href":"https:\/\/archive.sana.sy\/es\/index.php?rest_route=\/wp\/v2\/posts"}],"about":[{"href":"https:\/\/archive.sana.sy\/es\/index.php?rest_route=\/wp\/v2\/types\/post"}],"author":[{"embeddable":true,"href":"https:\/\/archive.sana.sy\/es\/index.php?rest_route=\/wp\/v2\/users\/1"}],"replies":[{"embeddable":true,"href":"https:\/\/archive.sana.sy\/es\/index.php?rest_route=%2Fwp%2Fv2%2Fcomments&post=76122"}],"version-history":[{"count":0,"href":"https:\/\/archive.sana.sy\/es\/index.php?rest_route=\/wp\/v2\/posts\/76122\/revisions"}],"wp:featuredmedia":[{"embeddable":true,"href":"https:\/\/archive.sana.sy\/es\/index.php?rest_route=\/wp\/v2\/media\/76123"}],"wp:attachment":[{"href":"https:\/\/archive.sana.sy\/es\/index.php?rest_route=%2Fwp%2Fv2%2Fmedia&parent=76122"}],"wp:term":[{"taxonomy":"category","embeddable":true,"href":"https:\/\/archive.sana.sy\/es\/index.php?rest_route=%2Fwp%2Fv2%2Fcategories&post=76122"},{"taxonomy":"post_tag","embeddable":true,"href":"https:\/\/archive.sana.sy\/es\/index.php?rest_route=%2Fwp%2Fv2%2Ftags&post=76122"}],"curies":[{"name":"wp","href":"https:\/\/api.w.org\/{rel}","templated":true}]}}