{"id":76127,"date":"2018-01-27T15:09:38","date_gmt":"2018-01-27T13:09:38","guid":{"rendered":"https:\/\/www.sana.sy\/es\/?p=76127"},"modified":"2019-09-10T12:31:35","modified_gmt":"2019-09-10T09:31:35","slug":"el-presiente-al-assad-afirma-que-los-sirios-siguen-su-lucha-contra-el-terrorismo-en-colaboracion-con-los-paises-amigos","status":"publish","type":"post","link":"https:\/\/archive.sana.sy\/es\/?p=76127","title":{"rendered":"El presidente al Assad afirma que los sirios siguen su lucha contra el terrorismo en colaboraci\u00f3n con los pa\u00edses amigos"},"content":{"rendered":"<p>&nbsp;<\/p>\n<p><span style=\"color: #800000;\">Damasco-SANA<\/span><\/p>\n<p>El presidente Bashar al Assad recibi\u00f3 al asistente del ministro de Exteriores iran\u00ed para los Asuntos Pol\u00edticos, Hussein Jaberi Ansari, y la delegaci\u00f3n que lo acompa\u00f1a.<\/p>\n<p>Durante el encuentro, se abordaron las relaciones estrat\u00e9gicas que unen a Siria e Ir\u00e1n, y el inter\u00e9s de los dos pa\u00edses en fortalecerlas en todos los \u00e1mbitos, sobre todo, en la lucha contra el terrorismo, adem\u00e1s de los esfuerzos encaminados para el \u00e9xito de la conferencia nacional siria en Sochi.<\/p>\n<p>Asimismo aludieron a las graves consecuencias de la agresi\u00f3n turca continua contra el territorio sirio y los cr\u00edmenes cometidos contra los sirios, y la forma de enfrentarse a esta agresi\u00f3n e impedirla a conseguir sus fines que se representan en ocupar nuevos territorios sirios, apoyar a los grupos terroristas, y socavar los esfuerzos de encontrar una soluci\u00f3n pac\u00edfica en Siria.<\/p>\n<p>El presidente al Assad subray\u00f3 que los sirios seguir\u00e1n su lucha contra el terrorismo, en colaboraci\u00f3n con los pa\u00edses amigos, como Rusia e Ir\u00e1n, lo que puede allanar el camino hacia una soluci\u00f3n pac\u00edfica determinada por los propios sirios.<\/p>\n<p>Por su parte, Ansari remarc\u00f3 que Ir\u00e1n seguir\u00e1 con su apoyo a Siria, sobre todo en la lucha contra el terrorismo y establecer la seguridad y la estabilidad, as\u00ed como participar en la reconstrucci\u00f3n de lo destruido por el terrorismo en Siria.<\/p>\n<p>En el mismo contexto, el ministro de Exteriores, Walid al Muallem se reuni\u00f3 con Jaberi Ansari y la delegaci\u00f3n que lo acompa\u00f1a, donde debatieron la \u00faltima actualidad en Siria y la regi\u00f3n, y subrayaron la importancia de celebrar la conferencia del di\u00e1logo nacional sirio en Sochi con el fin de llegar a una soluci\u00f3n pol\u00edtica a la crisis siria, mediante un di\u00e1logo entre los sirios, de forma que el pueblo sirio determine el futuro del pa\u00eds sin intervenci\u00f3n extranjera.<\/p>\n<p>&nbsp;<\/p>\n<p><span style=\"color: #0000ff;\">Akram. S<\/span><\/p>\n","protected":false},"excerpt":{"rendered":"<p>&nbsp; Damasco-SANA El presidente Bashar al Assad recibi\u00f3 al asistente del ministro de Exteriores iran\u00ed para los Asuntos Pol\u00edticos, Hussein Jaberi Ansari, y la delegaci\u00f3n que lo acompa\u00f1a. Durante el encuentro, se abordaron las relaciones estrat\u00e9gicas que unen a Siria e Ir\u00e1n, y el inter\u00e9s de los dos pa\u00edses en fortalecerlas en todos los \u00e1mbitos, &hellip;<\/p>\n","protected":false},"author":1,"featured_media":76128,"comment_status":"closed","ping_status":"closed","sticky":false,"template":"","format":"standard","meta":{"footnotes":""},"categories":[597,476,16237,583,7541],"tags":[],"class_list":["post-76127","post","type-post","status-publish","format-standard","has-post-thumbnail","","category-cinta-de-noticias","category-locales","category-presidence-de-la-republique-arabe-syria","category-slide","category-ultimas-noticias"],"_links":{"self":[{"href":"https:\/\/archive.sana.sy\/es\/index.php?rest_route=\/wp\/v2\/posts\/76127"}],"collection":[{"href":"https:\/\/archive.sana.sy\/es\/index.php?rest_route=\/wp\/v2\/posts"}],"about":[{"href":"https:\/\/archive.sana.sy\/es\/index.php?rest_route=\/wp\/v2\/types\/post"}],"author":[{"embeddable":true,"href":"https:\/\/archive.sana.sy\/es\/index.php?rest_route=\/wp\/v2\/users\/1"}],"replies":[{"embeddable":true,"href":"https:\/\/archive.sana.sy\/es\/index.php?rest_route=%2Fwp%2Fv2%2Fcomments&post=76127"}],"version-history":[{"count":0,"href":"https:\/\/archive.sana.sy\/es\/index.php?rest_route=\/wp\/v2\/posts\/76127\/revisions"}],"wp:featuredmedia":[{"embeddable":true,"href":"https:\/\/archive.sana.sy\/es\/index.php?rest_route=\/wp\/v2\/media\/76128"}],"wp:attachment":[{"href":"https:\/\/archive.sana.sy\/es\/index.php?rest_route=%2Fwp%2Fv2%2Fmedia&parent=76127"}],"wp:term":[{"taxonomy":"category","embeddable":true,"href":"https:\/\/archive.sana.sy\/es\/index.php?rest_route=%2Fwp%2Fv2%2Fcategories&post=76127"},{"taxonomy":"post_tag","embeddable":true,"href":"https:\/\/archive.sana.sy\/es\/index.php?rest_route=%2Fwp%2Fv2%2Ftags&post=76127"}],"curies":[{"name":"wp","href":"https:\/\/api.w.org\/{rel}","templated":true}]}}