{"id":76278,"date":"2018-01-30T17:05:27","date_gmt":"2018-01-30T15:05:27","guid":{"rendered":"https:\/\/www.sana.sy\/es\/?p=76278"},"modified":"2018-01-30T17:05:27","modified_gmt":"2018-01-30T15:05:27","slug":"ejercito-libanes-detiene-a-7-terroristas-en-arsal","status":"publish","type":"post","link":"https:\/\/archive.sana.sy\/es\/?p=76278","title":{"rendered":"Ej\u00e9rcito liban\u00e9s detiene a 7 terroristas en Arsal"},"content":{"rendered":"<p><span style=\"color: #800000\">Beirut, SANA<\/span>&#8211; Una fuerza militar del Ej\u00e9rcito de L\u00edbano realiz\u00f3 una operaci\u00f3n exitosa durante la cual siete presuntos terroristas fueron detenidos en la localidad de Arsal, inform\u00f3 una fuente militar en un comunicado.<\/p>\n<p>&#8220;La fuerza militar realiz\u00f3 una operaci\u00f3n en la zona de Al Yamala, en la localidad de Arsal, donde fueron arrestados 7 efectivos terroristas&#8221;, dice la nota.<\/p>\n<p>Agreg\u00f3 que la fuerza confisc\u00f3 armas y municiones que estaban en posesi\u00f3n de los detenidos,<\/p>\n<p>La semana pasada han sido arrestados 4 elementos terroristas en el L\u00edbano, dos de ellos eran cabecillas del Daesh,<\/p>\n<p>M\/Miri<\/p>\n","protected":false},"excerpt":{"rendered":"<p>Beirut, SANA&#8211; Una fuerza militar del Ej\u00e9rcito de L\u00edbano realiz\u00f3 una operaci\u00f3n exitosa durante la cual siete presuntos terroristas fueron detenidos en la localidad de Arsal, inform\u00f3 una fuente militar en un comunicado. &#8220;La fuerza militar realiz\u00f3 una operaci\u00f3n en la zona de Al Yamala, en la localidad de Arsal, donde fueron arrestados 7 efectivos &hellip;<\/p>\n","protected":false},"author":1,"featured_media":76279,"comment_status":"closed","ping_status":"closed","sticky":false,"template":"","format":"standard","meta":{"footnotes":""},"categories":[597,456,457],"tags":[8542],"class_list":["post-76278","post","type-post","status-publish","format-standard","has-post-thumbnail","","category-cinta-de-noticias","category-arabe-internacional-politica","category-noticias-arabe-internacional-politica","tag-libano"],"_links":{"self":[{"href":"https:\/\/archive.sana.sy\/es\/index.php?rest_route=\/wp\/v2\/posts\/76278"}],"collection":[{"href":"https:\/\/archive.sana.sy\/es\/index.php?rest_route=\/wp\/v2\/posts"}],"about":[{"href":"https:\/\/archive.sana.sy\/es\/index.php?rest_route=\/wp\/v2\/types\/post"}],"author":[{"embeddable":true,"href":"https:\/\/archive.sana.sy\/es\/index.php?rest_route=\/wp\/v2\/users\/1"}],"replies":[{"embeddable":true,"href":"https:\/\/archive.sana.sy\/es\/index.php?rest_route=%2Fwp%2Fv2%2Fcomments&post=76278"}],"version-history":[{"count":0,"href":"https:\/\/archive.sana.sy\/es\/index.php?rest_route=\/wp\/v2\/posts\/76278\/revisions"}],"wp:featuredmedia":[{"embeddable":true,"href":"https:\/\/archive.sana.sy\/es\/index.php?rest_route=\/wp\/v2\/media\/76279"}],"wp:attachment":[{"href":"https:\/\/archive.sana.sy\/es\/index.php?rest_route=%2Fwp%2Fv2%2Fmedia&parent=76278"}],"wp:term":[{"taxonomy":"category","embeddable":true,"href":"https:\/\/archive.sana.sy\/es\/index.php?rest_route=%2Fwp%2Fv2%2Fcategories&post=76278"},{"taxonomy":"post_tag","embeddable":true,"href":"https:\/\/archive.sana.sy\/es\/index.php?rest_route=%2Fwp%2Fv2%2Ftags&post=76278"}],"curies":[{"name":"wp","href":"https:\/\/api.w.org\/{rel}","templated":true}]}}