{"id":76284,"date":"2018-01-30T18:25:55","date_gmt":"2018-01-30T16:25:55","guid":{"rendered":"https:\/\/www.sana.sy\/es\/?p=76284"},"modified":"2023-01-10T15:16:39","modified_gmt":"2023-01-10T13:16:39","slug":"siria-y-rusia-discuten-fortalecer-lazos-de-cooperacion-electrica","status":"publish","type":"post","link":"https:\/\/archive.sana.sy\/es\/?p=76284","title":{"rendered":"Siria y Rusia discuten fortalecer lazos de cooperaci\u00f3n el\u00e9ctrica"},"content":{"rendered":"<p><span style=\"color: #800000\">Mosc\u00fa, SANA<\/span>&#8211; El ministro de Electricidad, Mohammad Zuhair Kharboutli, abord\u00f3 en Mosc\u00fa con el viceministro de Energ\u00eda de Rusia, Kirill Molodtsov, fortalecer lazos de cooperaci\u00f3n el\u00e9ctrica entre Siria y Rusia la puesta en pr\u00e1ctica de los acuerdos alcanzados antes en esta direcci\u00f3n.<\/p>\n<p>&#8220;Los ataques terroristas afect\u00f3 a m\u00e1s del 50 por ciento del sector el\u00e9ctrico en Siria y somos muy optimistas hoy para rehabilitar y restaurar este sector en cooperaci\u00f3n con Rusia para devolver el suministro de electricidad a todo el territorio de la Rep\u00fablica \u00c1rabe Siria&#8221; dijo el ministro sirio.<\/p>\n<p>A su vez, el viceministro de Energ\u00eda de Rusia hizo hincapi\u00e9 en que la visita de la delegaci\u00f3n de Siria es un paso muy importante en el camino de la cooperaci\u00f3n entre los dos pa\u00edses, as\u00ed como da un nuevo impulso al archivo para resolver todas las cuestiones presentadas ante el Ministerio sirio de Electricidad y el Ministerio de Energ\u00eda de Rusia.<\/p>\n<p>Molodtsov se\u00f1al\u00f3 que la firma final del acuerdo establecido entre ambas partes ser\u00e1 ma\u00f1ana (el mi\u00e9rcoles) en la sede del Ministerio de Energ\u00eda ruso, dicho acuerdo tiene como objetivo poner en pr\u00e1ctica los proyectos mencionados en la presencia del ministro de Electricidad, Mohammad Zuhair Kharboutli y el ministro de Energ\u00eda de Rusia, Alexander Novak.<\/p>\n<p>A la reuni\u00f3n asistieron miembros de la delegaci\u00f3n acompa\u00f1ante y el embajador sirio en Mosc\u00fa, el Dr. Riad Haddad.<\/p>\n<p>M\/Miri<\/p>\n","protected":false},"excerpt":{"rendered":"<p>Mosc\u00fa, SANA&#8211; El ministro de Electricidad, Mohammad Zuhair Kharboutli, abord\u00f3 en Mosc\u00fa con el viceministro de Energ\u00eda de Rusia, Kirill Molodtsov, fortalecer lazos de cooperaci\u00f3n el\u00e9ctrica entre Siria y Rusia la puesta en pr\u00e1ctica de los acuerdos alcanzados antes en esta direcci\u00f3n. &#8220;Los ataques terroristas afect\u00f3 a m\u00e1s del 50 por ciento del sector el\u00e9ctrico &hellip;<\/p>\n","protected":false},"author":1,"featured_media":76296,"comment_status":"closed","ping_status":"closed","sticky":false,"template":"","format":"standard","meta":{"footnotes":""},"categories":[597,485,7541],"tags":[11287],"class_list":["post-76284","post","type-post","status-publish","format-standard","has-post-thumbnail","","category-cinta-de-noticias","category-informes-negocios-y-finanzas","category-ultimas-noticias","tag-mohammad-zuhair-kharboutli"],"_links":{"self":[{"href":"https:\/\/archive.sana.sy\/es\/index.php?rest_route=\/wp\/v2\/posts\/76284"}],"collection":[{"href":"https:\/\/archive.sana.sy\/es\/index.php?rest_route=\/wp\/v2\/posts"}],"about":[{"href":"https:\/\/archive.sana.sy\/es\/index.php?rest_route=\/wp\/v2\/types\/post"}],"author":[{"embeddable":true,"href":"https:\/\/archive.sana.sy\/es\/index.php?rest_route=\/wp\/v2\/users\/1"}],"replies":[{"embeddable":true,"href":"https:\/\/archive.sana.sy\/es\/index.php?rest_route=%2Fwp%2Fv2%2Fcomments&post=76284"}],"version-history":[{"count":0,"href":"https:\/\/archive.sana.sy\/es\/index.php?rest_route=\/wp\/v2\/posts\/76284\/revisions"}],"wp:featuredmedia":[{"embeddable":true,"href":"https:\/\/archive.sana.sy\/es\/index.php?rest_route=\/wp\/v2\/media\/76296"}],"wp:attachment":[{"href":"https:\/\/archive.sana.sy\/es\/index.php?rest_route=%2Fwp%2Fv2%2Fmedia&parent=76284"}],"wp:term":[{"taxonomy":"category","embeddable":true,"href":"https:\/\/archive.sana.sy\/es\/index.php?rest_route=%2Fwp%2Fv2%2Fcategories&post=76284"},{"taxonomy":"post_tag","embeddable":true,"href":"https:\/\/archive.sana.sy\/es\/index.php?rest_route=%2Fwp%2Fv2%2Ftags&post=76284"}],"curies":[{"name":"wp","href":"https:\/\/api.w.org\/{rel}","templated":true}]}}