{"id":76591,"date":"2018-02-06T10:07:30","date_gmt":"2018-02-06T08:07:30","guid":{"rendered":"https:\/\/www.sana.sy\/es\/?p=76591"},"modified":"2018-02-06T10:56:38","modified_gmt":"2018-02-06T08:56:38","slug":"proxima-ronda-de-conversaciones-de-astana-podria-celebrarse-en-ultima-semana-de-febrero","status":"publish","type":"post","link":"https:\/\/archive.sana.sy\/es\/?p=76591","title":{"rendered":"Pr\u00f3xima ronda de conversaciones de Astan\u00e1 podr\u00eda celebrarse en \u00faltima semana de febrero"},"content":{"rendered":"<p><span style=\"color: #800000;\">Astan\u00e1, SANA<\/span><\/p>\n<p>El ministro de Exteriores de Kazajist\u00e1n, Kairat Abdrajmanov, anunci\u00f3 que la pr\u00f3xima ronda de conversaciones inter-sirias en Astan\u00e1 podr\u00eda celebrarse en los \u00faltimos d\u00edas de este mes de febrero.<\/p>\n<p>En declaraciones a la prensa, Abdrajmanov explic\u00f3 que &#8220;a juzgar por la informaci\u00f3n recibida de los pa\u00edses garantes del proceso de Astan\u00e1 (Rusia, Ir\u00e1n y Turqu\u00eda), las partes est\u00e1n preparando la ronda siguiente en consonancia con los acuerdos logrados anteriormente; y se trata de la \u00faltima d\u00e9cada de febrero, aunque esa informaci\u00f3n requiere de una confirmaci\u00f3n definitiva por los pa\u00edses garantes&#8221;.<\/p>\n<p>La capital kazaja Astan\u00e1 acogi\u00f3 ocho reuniones sobre Siria, la \u00faltima se celebr\u00f3 los d\u00edas 21 y 22 de diciembre pasado, y sus resultados enfatizaron en la unidad y soberan\u00eda de Siria, la continuaci\u00f3n de la lucha contra el terrorismo y el cese de operaciones de combate en las zonas de distensi\u00f3n.<\/p>\n<p><span style=\"color: #0000ff;\">F. Marouf\/ Dr. A. Shaban<\/span><\/p>\n","protected":false},"excerpt":{"rendered":"<p>Astan\u00e1, SANA El ministro de Exteriores de Kazajist\u00e1n, Kairat Abdrajmanov, anunci\u00f3 que la pr\u00f3xima ronda de conversaciones inter-sirias en Astan\u00e1 podr\u00eda celebrarse en los \u00faltimos d\u00edas de este mes de febrero. En declaraciones a la prensa, Abdrajmanov explic\u00f3 que &#8220;a juzgar por la informaci\u00f3n recibida de los pa\u00edses garantes del proceso de Astan\u00e1 (Rusia, Ir\u00e1n &hellip;<\/p>\n","protected":false},"author":1,"featured_media":76592,"comment_status":"closed","ping_status":"closed","sticky":false,"template":"","format":"standard","meta":{"footnotes":""},"categories":[597,457,467,7541],"tags":[],"class_list":["post-76591","post","type-post","status-publish","format-standard","has-post-thumbnail","","category-cinta-de-noticias","category-noticias-arabe-internacional-politica","category-siria-y-el-mundo","category-ultimas-noticias"],"_links":{"self":[{"href":"https:\/\/archive.sana.sy\/es\/index.php?rest_route=\/wp\/v2\/posts\/76591"}],"collection":[{"href":"https:\/\/archive.sana.sy\/es\/index.php?rest_route=\/wp\/v2\/posts"}],"about":[{"href":"https:\/\/archive.sana.sy\/es\/index.php?rest_route=\/wp\/v2\/types\/post"}],"author":[{"embeddable":true,"href":"https:\/\/archive.sana.sy\/es\/index.php?rest_route=\/wp\/v2\/users\/1"}],"replies":[{"embeddable":true,"href":"https:\/\/archive.sana.sy\/es\/index.php?rest_route=%2Fwp%2Fv2%2Fcomments&post=76591"}],"version-history":[{"count":0,"href":"https:\/\/archive.sana.sy\/es\/index.php?rest_route=\/wp\/v2\/posts\/76591\/revisions"}],"wp:featuredmedia":[{"embeddable":true,"href":"https:\/\/archive.sana.sy\/es\/index.php?rest_route=\/wp\/v2\/media\/76592"}],"wp:attachment":[{"href":"https:\/\/archive.sana.sy\/es\/index.php?rest_route=%2Fwp%2Fv2%2Fmedia&parent=76591"}],"wp:term":[{"taxonomy":"category","embeddable":true,"href":"https:\/\/archive.sana.sy\/es\/index.php?rest_route=%2Fwp%2Fv2%2Fcategories&post=76591"},{"taxonomy":"post_tag","embeddable":true,"href":"https:\/\/archive.sana.sy\/es\/index.php?rest_route=%2Fwp%2Fv2%2Ftags&post=76591"}],"curies":[{"name":"wp","href":"https:\/\/api.w.org\/{rel}","templated":true}]}}