{"id":76597,"date":"2018-02-06T11:03:35","date_gmt":"2018-02-06T09:03:35","guid":{"rendered":"https:\/\/www.sana.sy\/es\/?p=76597"},"modified":"2018-02-06T11:17:44","modified_gmt":"2018-02-06T09:17:44","slug":"abu-subeih-el-primero-en-retornar-con-sus-bordados-alepinos-a-la-calle-khan-el-harir","status":"publish","type":"post","link":"https:\/\/archive.sana.sy\/es\/?p=76597","title":{"rendered":"Abu Subeih, el primero en retornar con sus bordados alepinos a la calle Khan el-Harir"},"content":{"rendered":"<p><span style=\"color: #800000;\">Alepo, SANA<\/span><\/p>\n<p>En el casco antiguo de Alepo el amor al lugar y al patrimonio de los ancestros han impulsado al septuagenario Abu Subeih a ser el primero en retornar a su local para vender los bordados orientales en la calle Khan el-Harir, pr\u00f3ximo a la Gran Mezquita Omeya en una zona donde la historia ha dejado sus huellas y que el terrorismo no ha podido borrar.<\/p>\n<p>Mohamed Subhi al-Shawash o como todos le llaman Abu Subeih de sonrisa permanente con la que recibe a los visitantes del peque\u00f1o local narra su sufrimiento durante los a\u00f1os de la guerra diciendo con orgullo: &#8220;nuestro zoco era uno de los mejores mercados comerciales especialmente en este lugar pr\u00f3ximo a la Mezquita Omeya, y se llenaba de gente, y sigui\u00f3 as\u00ed hasta que entraron las pandillas de la agresi\u00f3n y nos vimos obligado a dejar el lugar bajo el fuego de sus proyectiles que causaron destrucci\u00f3n e incendios en nuestros comercios&#8221;.<\/p>\n<p>El t\u00edo Abu Subeih invita a todos los due\u00f1os de locales en el zoco a retornar para que la vida vuelva al lugar y &#8220;vivamos los d\u00edas de alegr\u00eda como antes&#8221;, aunque reclam\u00f3 m\u00e1s atenci\u00f3n a la zona en materia de servicios y mantenimiento.<\/p>\n<p><span style=\"color: #0000ff;\">Dr. A. Shaban<\/span><\/p>\n<p><img decoding=\"async\" src=\"https:\/\/www.sana.sy\/wp-content\/uploads\/2018\/02\/1-63-300x169.jpg\" \/><\/p>\n<p><img decoding=\"async\" src=\"https:\/\/www.sana.sy\/wp-content\/uploads\/2018\/02\/2-26-300x169.jpg\" \/><\/p>\n<p><img decoding=\"async\" src=\"https:\/\/www.sana.sy\/wp-content\/uploads\/2018\/02\/2-27-150x84.jpg\" \/>\u00a0\u00a0<img decoding=\"async\" src=\"https:\/\/www.sana.sy\/wp-content\/uploads\/2018\/02\/1-64-150x84.jpg\" \/>\u00a0\u00a0<img decoding=\"async\" src=\"https:\/\/www.sana.sy\/wp-content\/uploads\/2018\/02\/3-21-150x84.jpg\" \/><\/p>\n","protected":false},"excerpt":{"rendered":"<p>Alepo, SANA En el casco antiguo de Alepo el amor al lugar y al patrimonio de los ancestros han impulsado al septuagenario Abu Subeih a ser el primero en retornar a su local para vender los bordados orientales en la calle Khan el-Harir, pr\u00f3ximo a la Gran Mezquita Omeya en una zona donde la historia &hellip;<\/p>\n","protected":false},"author":1,"featured_media":76598,"comment_status":"closed","ping_status":"closed","sticky":false,"template":"","format":"standard","meta":{"footnotes":""},"categories":[597,573,583,7541],"tags":[11465],"class_list":["post-76597","post","type-post","status-publish","format-standard","has-post-thumbnail","","category-cinta-de-noticias","category-la-realidad-de-los-acontecimientos-en-siria","category-slide","category-ultimas-noticias","tag-abu-subeih-el-primero-en-retornar-con-sus-bordados-alepinos-a-la-calle-khan-el-harir"],"_links":{"self":[{"href":"https:\/\/archive.sana.sy\/es\/index.php?rest_route=\/wp\/v2\/posts\/76597"}],"collection":[{"href":"https:\/\/archive.sana.sy\/es\/index.php?rest_route=\/wp\/v2\/posts"}],"about":[{"href":"https:\/\/archive.sana.sy\/es\/index.php?rest_route=\/wp\/v2\/types\/post"}],"author":[{"embeddable":true,"href":"https:\/\/archive.sana.sy\/es\/index.php?rest_route=\/wp\/v2\/users\/1"}],"replies":[{"embeddable":true,"href":"https:\/\/archive.sana.sy\/es\/index.php?rest_route=%2Fwp%2Fv2%2Fcomments&post=76597"}],"version-history":[{"count":0,"href":"https:\/\/archive.sana.sy\/es\/index.php?rest_route=\/wp\/v2\/posts\/76597\/revisions"}],"wp:featuredmedia":[{"embeddable":true,"href":"https:\/\/archive.sana.sy\/es\/index.php?rest_route=\/wp\/v2\/media\/76598"}],"wp:attachment":[{"href":"https:\/\/archive.sana.sy\/es\/index.php?rest_route=%2Fwp%2Fv2%2Fmedia&parent=76597"}],"wp:term":[{"taxonomy":"category","embeddable":true,"href":"https:\/\/archive.sana.sy\/es\/index.php?rest_route=%2Fwp%2Fv2%2Fcategories&post=76597"},{"taxonomy":"post_tag","embeddable":true,"href":"https:\/\/archive.sana.sy\/es\/index.php?rest_route=%2Fwp%2Fv2%2Ftags&post=76597"}],"curies":[{"name":"wp","href":"https:\/\/api.w.org\/{rel}","templated":true}]}}