{"id":77144,"date":"2018-02-16T17:05:08","date_gmt":"2018-02-16T15:05:08","guid":{"rendered":"https:\/\/www.sana.sy\/es\/?p=77144"},"modified":"2018-02-16T17:05:08","modified_gmt":"2018-02-16T15:05:08","slug":"decenas-de-heridos-en-nuevas-protestas-palestinas-contra-la-decision-de-trump","status":"publish","type":"post","link":"https:\/\/archive.sana.sy\/es\/?p=77144","title":{"rendered":"Decenas de heridos en nuevas protestas palestinas contra la decisi\u00f3n de Trump"},"content":{"rendered":"<p><span style=\"color: #800000\">Jerusal\u00e9n ocupada, SANA<\/span>&#8211; Decenas de palestinos resultaron heridos por la represi\u00f3n de la ocupaci\u00f3n israel\u00ed a varias protestas efectuadas en los territorios palestinos ocupados en contra rechazo de la decisi\u00f3n del presidente de Estados Unidos, Donald Trump, sobre en el reconocimiento de Jerusal\u00e9n como la capital de la entidad de la ocupaci\u00f3n sionista, y en contra la continuaci\u00f3n de esta entidad de confiscar tierras palestinas para la construcci\u00f3n de asentamientos.<\/p>\n<p>De acuerdo con la agencia palestina de noticias Maan, cuatro j\u00f3venes resultaron heridos durante la represi\u00f3n de las fuerzas de ocupaci\u00f3n israel\u00edes a una manifestaci\u00f3n que tuvo lugar en la aldea de Al Mazraa Al Gharbiyah, noroeste de Ramallah.<\/p>\n<p>En la entrada norte de la ciudad de Al-Bireh en Cisjordania dos j\u00f3venes resultaron afectados por balas de metal recubiertas de goma durante la represi\u00f3n de las fuerzas de ocupaci\u00f3n a una manifestaci\u00f3n en el barrio de Al Balou.<\/p>\n<p>En Nabl\u00fas, la agencia de noticias Maan, inform\u00f3 que varios palestinos resultaron lesionados durante una manifestaci\u00f3n de residentes del pueblo de Beita, al sur de Nabl\u00fas, cerca del asentamiento establecido por los colonos en la zona.<\/p>\n<p>El director del sucursal de la Media Luna Roja en Nabl\u00fas, aclar\u00f3 que el joven, Hatem Badir, recibi\u00f3 una bala de goma en el pecho y has ingresado al hospital, agreg\u00f3 que varios j\u00f3venes sufrieron asfixia por las bombas de gas lacrim\u00f3geno disparados por las fuerzas de ocupaci\u00f3n israel\u00edes.<\/p>\n<p>Antes, 4 j\u00f3venes palestinos han resultado heridos por disparos de soldados israel\u00edes en la Ciudad Vieja y en la zona de Ras Al Eyn, en Nabl\u00fas.<\/p>\n<p>M\/Miri<\/p>\n","protected":false},"excerpt":{"rendered":"<p>Jerusal\u00e9n ocupada, SANA&#8211; Decenas de palestinos resultaron heridos por la represi\u00f3n de la ocupaci\u00f3n israel\u00ed a varias protestas efectuadas en los territorios palestinos ocupados en contra rechazo de la decisi\u00f3n del presidente de Estados Unidos, Donald Trump, sobre en el reconocimiento de Jerusal\u00e9n como la capital de la entidad de la ocupaci\u00f3n sionista, y en &hellip;<\/p>\n","protected":false},"author":1,"featured_media":77145,"comment_status":"closed","ping_status":"closed","sticky":false,"template":"","format":"standard","meta":{"footnotes":""},"categories":[597,456,457,7541],"tags":[1494],"class_list":["post-77144","post","type-post","status-publish","format-standard","has-post-thumbnail","","category-cinta-de-noticias","category-arabe-internacional-politica","category-noticias-arabe-internacional-politica","category-ultimas-noticias","tag-palestina"],"_links":{"self":[{"href":"https:\/\/archive.sana.sy\/es\/index.php?rest_route=\/wp\/v2\/posts\/77144"}],"collection":[{"href":"https:\/\/archive.sana.sy\/es\/index.php?rest_route=\/wp\/v2\/posts"}],"about":[{"href":"https:\/\/archive.sana.sy\/es\/index.php?rest_route=\/wp\/v2\/types\/post"}],"author":[{"embeddable":true,"href":"https:\/\/archive.sana.sy\/es\/index.php?rest_route=\/wp\/v2\/users\/1"}],"replies":[{"embeddable":true,"href":"https:\/\/archive.sana.sy\/es\/index.php?rest_route=%2Fwp%2Fv2%2Fcomments&post=77144"}],"version-history":[{"count":0,"href":"https:\/\/archive.sana.sy\/es\/index.php?rest_route=\/wp\/v2\/posts\/77144\/revisions"}],"wp:featuredmedia":[{"embeddable":true,"href":"https:\/\/archive.sana.sy\/es\/index.php?rest_route=\/wp\/v2\/media\/77145"}],"wp:attachment":[{"href":"https:\/\/archive.sana.sy\/es\/index.php?rest_route=%2Fwp%2Fv2%2Fmedia&parent=77144"}],"wp:term":[{"taxonomy":"category","embeddable":true,"href":"https:\/\/archive.sana.sy\/es\/index.php?rest_route=%2Fwp%2Fv2%2Fcategories&post=77144"},{"taxonomy":"post_tag","embeddable":true,"href":"https:\/\/archive.sana.sy\/es\/index.php?rest_route=%2Fwp%2Fv2%2Ftags&post=77144"}],"curies":[{"name":"wp","href":"https:\/\/api.w.org\/{rel}","templated":true}]}}