{"id":77151,"date":"2018-02-16T17:35:06","date_gmt":"2018-02-16T15:35:06","guid":{"rendered":"https:\/\/www.sana.sy\/es\/?p=77151"},"modified":"2018-02-16T17:35:06","modified_gmt":"2018-02-16T15:35:06","slug":"lavrov-la-presencia-de-fuerzas-militare-de-de-estados-unidos-en-siria-es-totalmente-ilegal","status":"publish","type":"post","link":"https:\/\/archive.sana.sy\/es\/?p=77151","title":{"rendered":"Lavrov: la presencia de fuerzas militare de de Estados Unidos en Siria es totalmente ilegal"},"content":{"rendered":"<p><span style=\"color: #800000\">Mosc\u00fa, SANA<\/span>&#8211; La presencia militar de los Estados Unidos en Siria es totalmente ilegal, reiter\u00f3 Sergu\u00e9i Lavrov, ministro de Asuntos Exteriores de Rusia, en una entrevista con el canal Euronews.<\/p>\n<p>&#8220;Las fuerzas especiales estadounidenses y otras formaciones se encuentran de manera ilegal sobre el terreno en Siria y sin ninguna petici\u00f3n del gobierno leg\u00edtimo, ni una autorizaci\u00f3n del Consejo de Seguridad de la ONU&#8221;, dijo Lavrov.<\/p>\n<p>El ministro agreg\u00f3 que Washington se propone perpetuar su presencia en Siria y est\u00e1n procurando lo mismo en Irak y en Afganist\u00e1n, contrariamente a las promesas que hicieron en el pasado.<\/p>\n<p>A juicio de Lavrov, los estadounidenses &#8220;est\u00e1n intentando separar del resto de Siria un extenso territorio violando la soberan\u00eda y la integridad territorial de pa\u00eds&#8221;.<\/p>\n<p>M\/Miri<\/p>\n","protected":false},"excerpt":{"rendered":"<p>Mosc\u00fa, SANA&#8211; La presencia militar de los Estados Unidos en Siria es totalmente ilegal, reiter\u00f3 Sergu\u00e9i Lavrov, ministro de Asuntos Exteriores de Rusia, en una entrevista con el canal Euronews. &#8220;Las fuerzas especiales estadounidenses y otras formaciones se encuentran de manera ilegal sobre el terreno en Siria y sin ninguna petici\u00f3n del gobierno leg\u00edtimo, ni &hellip;<\/p>\n","protected":false},"author":1,"featured_media":77152,"comment_status":"closed","ping_status":"closed","sticky":false,"template":"","format":"standard","meta":{"footnotes":""},"categories":[597,467,7541],"tags":[8779],"class_list":["post-77151","post","type-post","status-publish","format-standard","has-post-thumbnail","","category-cinta-de-noticias","category-siria-y-el-mundo","category-ultimas-noticias","tag-lavrov"],"_links":{"self":[{"href":"https:\/\/archive.sana.sy\/es\/index.php?rest_route=\/wp\/v2\/posts\/77151"}],"collection":[{"href":"https:\/\/archive.sana.sy\/es\/index.php?rest_route=\/wp\/v2\/posts"}],"about":[{"href":"https:\/\/archive.sana.sy\/es\/index.php?rest_route=\/wp\/v2\/types\/post"}],"author":[{"embeddable":true,"href":"https:\/\/archive.sana.sy\/es\/index.php?rest_route=\/wp\/v2\/users\/1"}],"replies":[{"embeddable":true,"href":"https:\/\/archive.sana.sy\/es\/index.php?rest_route=%2Fwp%2Fv2%2Fcomments&post=77151"}],"version-history":[{"count":0,"href":"https:\/\/archive.sana.sy\/es\/index.php?rest_route=\/wp\/v2\/posts\/77151\/revisions"}],"wp:featuredmedia":[{"embeddable":true,"href":"https:\/\/archive.sana.sy\/es\/index.php?rest_route=\/wp\/v2\/media\/77152"}],"wp:attachment":[{"href":"https:\/\/archive.sana.sy\/es\/index.php?rest_route=%2Fwp%2Fv2%2Fmedia&parent=77151"}],"wp:term":[{"taxonomy":"category","embeddable":true,"href":"https:\/\/archive.sana.sy\/es\/index.php?rest_route=%2Fwp%2Fv2%2Fcategories&post=77151"},{"taxonomy":"post_tag","embeddable":true,"href":"https:\/\/archive.sana.sy\/es\/index.php?rest_route=%2Fwp%2Fv2%2Ftags&post=77151"}],"curies":[{"name":"wp","href":"https:\/\/api.w.org\/{rel}","templated":true}]}}