{"id":77171,"date":"2018-02-17T13:51:39","date_gmt":"2018-02-17T11:51:39","guid":{"rendered":"https:\/\/www.sana.sy\/es\/?p=77171"},"modified":"2018-02-17T13:51:39","modified_gmt":"2018-02-17T11:51:39","slug":"regimen-turco-sigue-atacando-a-afrin","status":"publish","type":"post","link":"https:\/\/archive.sana.sy\/es\/?p=77171","title":{"rendered":"R\u00e9gimen turco sigue atacando a Afrin"},"content":{"rendered":"<p><span style=\"color: #800000\">Alepo, SANA<\/span> &#8211; Las fuerzas del r\u00e9gimen turco intensificaron su agresi\u00f3n contra los barrios residenciales en la ciudad de Afrin, utilizando diferentes tipos de armas.<\/p>\n<p>Fuentes locales citadas por SANA informaron que este s\u00e1bado las fuerzas del r\u00e9gimen turco y sus mercenarios bombardearon la aldea de Jindiris, en las cercan\u00edas de la ciudad de Afrin, causando da\u00f1os materiales a las propiedades de los ciudadanos.<\/p>\n<p>Cabe se\u00f1alar que el Ej\u00e9rcito del r\u00e9gimen de Turqu\u00eda ha utilizado el viernes pasado gases t\u00f3xicos en el marco de su agresi\u00f3n militar contra la ciudad de Afrin, sita en el noroeste de Siria. Al menos 6 personas tuvieron que ser hospitalizadas con s\u00edntomas de asfixia.<\/p>\n<p>&nbsp;<\/p>\n<p>&nbsp;<\/p>\n<p>&nbsp;<\/p>\n<p>&nbsp;<\/p>\n<p><a href=\"https:\/\/www.sana.sy\/es\/?attachment_id=77173\" rel=\"attachment wp-att-77173\"><img loading=\"lazy\" decoding=\"async\" class=\"alignnone size-medium wp-image-77173\" src=\"https:\/\/www.sana.sy\/es\/wp-content\/uploads\/2018\/02\/22-4-300x168.jpg\" alt=\"\" width=\"300\" height=\"168\" srcset=\"https:\/\/archive.sana.sy\/es\/wp-content\/uploads\/2018\/02\/22-4.jpg 300w, https:\/\/archive.sana.sy\/es\/wp-content\/uploads\/2018\/02\/22-4-150x84.jpg 150w\" sizes=\"(max-width: 300px) 100vw, 300px\" \/><\/a>\u00a0<a href=\"https:\/\/www.sana.sy\/es\/?attachment_id=77174\" rel=\"attachment wp-att-77174\"><img loading=\"lazy\" decoding=\"async\" class=\"alignnone size-medium wp-image-77174\" src=\"https:\/\/www.sana.sy\/es\/wp-content\/uploads\/2018\/02\/33-3-300x168.jpg\" alt=\"\" width=\"300\" height=\"168\" srcset=\"https:\/\/archive.sana.sy\/es\/wp-content\/uploads\/2018\/02\/33-3.jpg 300w, https:\/\/archive.sana.sy\/es\/wp-content\/uploads\/2018\/02\/33-3-150x84.jpg 150w\" sizes=\"(max-width: 300px) 100vw, 300px\" \/><\/a><\/p>\n<p>M\/Miri<\/p>\n","protected":false},"excerpt":{"rendered":"<p>Alepo, SANA &#8211; Las fuerzas del r\u00e9gimen turco intensificaron su agresi\u00f3n contra los barrios residenciales en la ciudad de Afrin, utilizando diferentes tipos de armas. Fuentes locales citadas por SANA informaron que este s\u00e1bado las fuerzas del r\u00e9gimen turco y sus mercenarios bombardearon la aldea de Jindiris, en las cercan\u00edas de la ciudad de Afrin, &hellip;<\/p>\n","protected":false},"author":1,"featured_media":77172,"comment_status":"closed","ping_status":"closed","sticky":false,"template":"","format":"standard","meta":{"footnotes":""},"categories":[597,573,583,7541],"tags":[11413],"class_list":["post-77171","post","type-post","status-publish","format-standard","has-post-thumbnail","","category-cinta-de-noticias","category-la-realidad-de-los-acontecimientos-en-siria","category-slide","category-ultimas-noticias","tag-afrin"],"_links":{"self":[{"href":"https:\/\/archive.sana.sy\/es\/index.php?rest_route=\/wp\/v2\/posts\/77171"}],"collection":[{"href":"https:\/\/archive.sana.sy\/es\/index.php?rest_route=\/wp\/v2\/posts"}],"about":[{"href":"https:\/\/archive.sana.sy\/es\/index.php?rest_route=\/wp\/v2\/types\/post"}],"author":[{"embeddable":true,"href":"https:\/\/archive.sana.sy\/es\/index.php?rest_route=\/wp\/v2\/users\/1"}],"replies":[{"embeddable":true,"href":"https:\/\/archive.sana.sy\/es\/index.php?rest_route=%2Fwp%2Fv2%2Fcomments&post=77171"}],"version-history":[{"count":0,"href":"https:\/\/archive.sana.sy\/es\/index.php?rest_route=\/wp\/v2\/posts\/77171\/revisions"}],"wp:featuredmedia":[{"embeddable":true,"href":"https:\/\/archive.sana.sy\/es\/index.php?rest_route=\/wp\/v2\/media\/77172"}],"wp:attachment":[{"href":"https:\/\/archive.sana.sy\/es\/index.php?rest_route=%2Fwp%2Fv2%2Fmedia&parent=77171"}],"wp:term":[{"taxonomy":"category","embeddable":true,"href":"https:\/\/archive.sana.sy\/es\/index.php?rest_route=%2Fwp%2Fv2%2Fcategories&post=77171"},{"taxonomy":"post_tag","embeddable":true,"href":"https:\/\/archive.sana.sy\/es\/index.php?rest_route=%2Fwp%2Fv2%2Ftags&post=77171"}],"curies":[{"name":"wp","href":"https:\/\/api.w.org\/{rel}","templated":true}]}}