{"id":77365,"date":"2018-02-20T18:45:40","date_gmt":"2018-02-20T16:45:40","guid":{"rendered":"https:\/\/www.sana.sy\/es\/?p=77365"},"modified":"2018-02-20T20:16:55","modified_gmt":"2018-02-20T18:16:55","slug":"las-fuerzas-populares-llegan-a-la-ciudad-de-afrin","status":"publish","type":"post","link":"https:\/\/archive.sana.sy\/es\/?p=77365","title":{"rendered":"Las fuerzas populares llegan a la ciudad de Afr\u00edn"},"content":{"rendered":"<p><span style=\"color: #800000\">Alepo, SANA<\/span>&#8211; Fuerzas populares llegaron a Afr\u00edn a fin de apoyar a la poblaci\u00f3n de la ciudad para hacer frente a la agresi\u00f3n turca que empez\u00f3 el pasado 20 de enero, comunic\u00f3 el corresponsal de SANA.<\/p>\n<p>De acuerdo con la fuente, la arterilla de las fuerzas turcas ha bombardeado los lugares donde las Fuerzas Populares se encuentran, adem\u00e1s de dirigir otros bombardeos contra varios medios de comunicaci\u00f3n que est\u00e1n cubriendo la llegada de dichas fuerzas.<\/p>\n<p>Se\u00f1al\u00f3 que las Fuerzas Populares se desplegaron inmediatamente despu\u00e9s de su llegada a la ciudad de Afrin en los puntos y centros determinados para apoyar a las personas que defienden sus aldeas y hogares contra ataques terroristas del \/ Daesh\/ y las agresiones del r\u00e9gimen turco y sus mercenarios de organizaciones terroristas.<\/p>\n<p>&#8220;Las Fuerzas Populares se comprometer\u00e1n a resistir la agresi\u00f3n turca y la organizaci\u00f3n terrorista de Daesh en el marco de apoyo al pueblo de la ciudad de Afrin y defender la integridad territorial de Siria y su soberan\u00eda, adem\u00e1s de frustrar el intento del r\u00e9gimen de Erdogan y sus mercenarios de organizaciones terroristas de ocupar la regi\u00f3n&#8221;, dijo la fuente.<\/p>\n<p>La guerra de invasi\u00f3n turca contra Afrin comenz\u00f3 el 20 de enero de 2018 violando el derecho internacional y la soberan\u00eda de Siria. El ej\u00e9rcito turco ha lanzado esta agresi\u00f3n en cooperaci\u00f3n con grupos terroristas y han matado a la fecha de hoy a 625 civiles, utilizando todo tipo de armas, incluidas bombas de cloro, un arma prohibido a nivel internacional.<\/p>\n<p>M\/Miri<\/p>\n","protected":false},"excerpt":{"rendered":"<p>Alepo, SANA&#8211; Fuerzas populares llegaron a Afr\u00edn a fin de apoyar a la poblaci\u00f3n de la ciudad para hacer frente a la agresi\u00f3n turca que empez\u00f3 el pasado 20 de enero, comunic\u00f3 el corresponsal de SANA. De acuerdo con la fuente, la arterilla de las fuerzas turcas ha bombardeado los lugares donde las Fuerzas Populares &hellip;<\/p>\n","protected":false},"author":1,"featured_media":77396,"comment_status":"closed","ping_status":"closed","sticky":false,"template":"","format":"standard","meta":{"footnotes":""},"categories":[597,583,7541],"tags":[11413],"class_list":["post-77365","post","type-post","status-publish","format-standard","has-post-thumbnail","","category-cinta-de-noticias","category-slide","category-ultimas-noticias","tag-afrin"],"_links":{"self":[{"href":"https:\/\/archive.sana.sy\/es\/index.php?rest_route=\/wp\/v2\/posts\/77365"}],"collection":[{"href":"https:\/\/archive.sana.sy\/es\/index.php?rest_route=\/wp\/v2\/posts"}],"about":[{"href":"https:\/\/archive.sana.sy\/es\/index.php?rest_route=\/wp\/v2\/types\/post"}],"author":[{"embeddable":true,"href":"https:\/\/archive.sana.sy\/es\/index.php?rest_route=\/wp\/v2\/users\/1"}],"replies":[{"embeddable":true,"href":"https:\/\/archive.sana.sy\/es\/index.php?rest_route=%2Fwp%2Fv2%2Fcomments&post=77365"}],"version-history":[{"count":0,"href":"https:\/\/archive.sana.sy\/es\/index.php?rest_route=\/wp\/v2\/posts\/77365\/revisions"}],"wp:featuredmedia":[{"embeddable":true,"href":"https:\/\/archive.sana.sy\/es\/index.php?rest_route=\/wp\/v2\/media\/77396"}],"wp:attachment":[{"href":"https:\/\/archive.sana.sy\/es\/index.php?rest_route=%2Fwp%2Fv2%2Fmedia&parent=77365"}],"wp:term":[{"taxonomy":"category","embeddable":true,"href":"https:\/\/archive.sana.sy\/es\/index.php?rest_route=%2Fwp%2Fv2%2Fcategories&post=77365"},{"taxonomy":"post_tag","embeddable":true,"href":"https:\/\/archive.sana.sy\/es\/index.php?rest_route=%2Fwp%2Fv2%2Ftags&post=77365"}],"curies":[{"name":"wp","href":"https:\/\/api.w.org\/{rel}","templated":true}]}}