{"id":77379,"date":"2018-02-20T18:01:31","date_gmt":"2018-02-20T16:01:31","guid":{"rendered":"https:\/\/www.sana.sy\/es\/?p=77379"},"modified":"2018-02-20T18:01:31","modified_gmt":"2018-02-20T16:01:31","slug":"lavrov-destaca-la-importancia-de-preservar-la-integridad-territorial-de-siria","status":"publish","type":"post","link":"https:\/\/archive.sana.sy\/es\/?p=77379","title":{"rendered":"Lavrov destaca la importancia de preservar la integridad territorial de Siria"},"content":{"rendered":"<p><span style=\"color: #800000\">Mosc\u00fa, SANA<\/span> &#8211; El Ministro de Asuntos Exteriores de Rusia, Sergu\u00e9i Lavrov, afirm\u00f3 la importancia de preservar la integridad territorial de Siria.<\/p>\n<p>Durante una conferencia de prensa celebrada con su hom\u00f3logo pakistan\u00ed, Khawaja Muhammad Asif, en Mosc\u00fa, Lavrov habl\u00f3 sobre la situaci\u00f3n en Afrin y la continua agresi\u00f3n turca al respecto diciendo que; &#8220;Rusia est\u00e1 comprometida a resolver todos los asuntos relacionados con este asunto, pero estas soluciones deben ser hechas de una manera que respete la integridad territorial de Siria&#8221;.<\/p>\n<p>La guerra de invasi\u00f3n turca contra Afrin comenz\u00f3 el 20 de enero de 2018 violando el derecho internacional y la soberan\u00eda de Siria. El ej\u00e9rcito turco ha lanzado esta agresi\u00f3n en cooperaci\u00f3n con grupos terroristas y han matado a la fecha de hoy a 625 civiles, utilizando todo tipo de armas, incluidas bombas de cloro, un arma prohibido a nivel internacional.<\/p>\n<p>M\/Miri<\/p>\n","protected":false},"excerpt":{"rendered":"<p>Mosc\u00fa, SANA &#8211; El Ministro de Asuntos Exteriores de Rusia, Sergu\u00e9i Lavrov, afirm\u00f3 la importancia de preservar la integridad territorial de Siria. Durante una conferencia de prensa celebrada con su hom\u00f3logo pakistan\u00ed, Khawaja Muhammad Asif, en Mosc\u00fa, Lavrov habl\u00f3 sobre la situaci\u00f3n en Afrin y la continua agresi\u00f3n turca al respecto diciendo que; &#8220;Rusia est\u00e1 &hellip;<\/p>\n","protected":false},"author":1,"featured_media":77380,"comment_status":"closed","ping_status":"closed","sticky":false,"template":"","format":"standard","meta":{"footnotes":""},"categories":[597,467,7541],"tags":[8779],"class_list":["post-77379","post","type-post","status-publish","format-standard","has-post-thumbnail","","category-cinta-de-noticias","category-siria-y-el-mundo","category-ultimas-noticias","tag-lavrov"],"_links":{"self":[{"href":"https:\/\/archive.sana.sy\/es\/index.php?rest_route=\/wp\/v2\/posts\/77379"}],"collection":[{"href":"https:\/\/archive.sana.sy\/es\/index.php?rest_route=\/wp\/v2\/posts"}],"about":[{"href":"https:\/\/archive.sana.sy\/es\/index.php?rest_route=\/wp\/v2\/types\/post"}],"author":[{"embeddable":true,"href":"https:\/\/archive.sana.sy\/es\/index.php?rest_route=\/wp\/v2\/users\/1"}],"replies":[{"embeddable":true,"href":"https:\/\/archive.sana.sy\/es\/index.php?rest_route=%2Fwp%2Fv2%2Fcomments&post=77379"}],"version-history":[{"count":0,"href":"https:\/\/archive.sana.sy\/es\/index.php?rest_route=\/wp\/v2\/posts\/77379\/revisions"}],"wp:featuredmedia":[{"embeddable":true,"href":"https:\/\/archive.sana.sy\/es\/index.php?rest_route=\/wp\/v2\/media\/77380"}],"wp:attachment":[{"href":"https:\/\/archive.sana.sy\/es\/index.php?rest_route=%2Fwp%2Fv2%2Fmedia&parent=77379"}],"wp:term":[{"taxonomy":"category","embeddable":true,"href":"https:\/\/archive.sana.sy\/es\/index.php?rest_route=%2Fwp%2Fv2%2Fcategories&post=77379"},{"taxonomy":"post_tag","embeddable":true,"href":"https:\/\/archive.sana.sy\/es\/index.php?rest_route=%2Fwp%2Fv2%2Ftags&post=77379"}],"curies":[{"name":"wp","href":"https:\/\/api.w.org\/{rel}","templated":true}]}}