{"id":77385,"date":"2018-02-20T18:43:06","date_gmt":"2018-02-20T16:43:06","guid":{"rendered":"https:\/\/www.sana.sy\/es\/?p=77385"},"modified":"2023-01-10T15:16:38","modified_gmt":"2023-01-10T13:16:38","slug":"en-moscu-el-26-de-febrero-comienza-el-foro-comercial-y-economico-ruso-sirio","status":"publish","type":"post","link":"https:\/\/archive.sana.sy\/es\/?p=77385","title":{"rendered":"En Mosc\u00fa, el 26 de febrero, comienza el Foro Comercial y Econ\u00f3mico ruso-sirio"},"content":{"rendered":"<p><span style=\"color: #800000\">Damasco, SANA<\/span>&#8211; La delegaci\u00f3n siria de negocios junto con representantes de organismos gubernamentales pertinentes se est\u00e1n preparando para un viaje a Mosc\u00fa para el foro econ\u00f3mico ruso-sirio para los empresarios que se celebra bajo los auspicios del Gobierno ruso.<\/p>\n<p>Se espera que participe una gran delegaci\u00f3n del negocio sirio: alrededor de 120 empresarios que representan a la construcci\u00f3n, el combustible y el sector energ\u00e9tico, la industria, la agricultura, el comercio y otros sectores de la econom\u00eda de Siria.<\/p>\n<p>Est\u00e1 previsto debatir la agenda actual de la cooperaci\u00f3n comercial y econ\u00f3mica entre Rusia y Siria, la presentaci\u00f3n de direcciones y proyectos para la reconstrucci\u00f3n econ\u00f3mica de Siria.<\/p>\n<p>M\/Miri<\/p>\n","protected":false},"excerpt":{"rendered":"<p>Damasco, SANA&#8211; La delegaci\u00f3n siria de negocios junto con representantes de organismos gubernamentales pertinentes se est\u00e1n preparando para un viaje a Mosc\u00fa para el foro econ\u00f3mico ruso-sirio para los empresarios que se celebra bajo los auspicios del Gobierno ruso. Se espera que participe una gran delegaci\u00f3n del negocio sirio: alrededor de 120 empresarios que representan &hellip;<\/p>\n","protected":false},"author":1,"featured_media":77386,"comment_status":"closed","ping_status":"closed","sticky":false,"template":"","format":"standard","meta":{"footnotes":""},"categories":[485],"tags":[11561],"class_list":["post-77385","post","type-post","status-publish","format-standard","has-post-thumbnail","","category-informes-negocios-y-finanzas","tag-foro-comercial-y-economico-ruso-sirio"],"_links":{"self":[{"href":"https:\/\/archive.sana.sy\/es\/index.php?rest_route=\/wp\/v2\/posts\/77385"}],"collection":[{"href":"https:\/\/archive.sana.sy\/es\/index.php?rest_route=\/wp\/v2\/posts"}],"about":[{"href":"https:\/\/archive.sana.sy\/es\/index.php?rest_route=\/wp\/v2\/types\/post"}],"author":[{"embeddable":true,"href":"https:\/\/archive.sana.sy\/es\/index.php?rest_route=\/wp\/v2\/users\/1"}],"replies":[{"embeddable":true,"href":"https:\/\/archive.sana.sy\/es\/index.php?rest_route=%2Fwp%2Fv2%2Fcomments&post=77385"}],"version-history":[{"count":0,"href":"https:\/\/archive.sana.sy\/es\/index.php?rest_route=\/wp\/v2\/posts\/77385\/revisions"}],"wp:featuredmedia":[{"embeddable":true,"href":"https:\/\/archive.sana.sy\/es\/index.php?rest_route=\/wp\/v2\/media\/77386"}],"wp:attachment":[{"href":"https:\/\/archive.sana.sy\/es\/index.php?rest_route=%2Fwp%2Fv2%2Fmedia&parent=77385"}],"wp:term":[{"taxonomy":"category","embeddable":true,"href":"https:\/\/archive.sana.sy\/es\/index.php?rest_route=%2Fwp%2Fv2%2Fcategories&post=77385"},{"taxonomy":"post_tag","embeddable":true,"href":"https:\/\/archive.sana.sy\/es\/index.php?rest_route=%2Fwp%2Fv2%2Ftags&post=77385"}],"curies":[{"name":"wp","href":"https:\/\/api.w.org\/{rel}","templated":true}]}}