{"id":77389,"date":"2018-02-20T18:57:39","date_gmt":"2018-02-20T16:57:39","guid":{"rendered":"https:\/\/www.sana.sy\/es\/?p=77389"},"modified":"2018-02-20T18:57:39","modified_gmt":"2018-02-20T16:57:39","slug":"siria-exige-a-la-onu-inmediata-condena-a-la-escalada-librda-por-los-grupos-terroristas-en-ghouta-oriental-contra-damasco","status":"publish","type":"post","link":"https:\/\/archive.sana.sy\/es\/?p=77389","title":{"rendered":"Siria exige a la ONU inmediata condena a la escalada librda por los grupos terroristas en Ghouta Oriental contra Damasco"},"content":{"rendered":"<p><span style=\"color: #800000\">Damasco, SANA<\/span>&#8211; La Canciller\u00eda siria afirm\u00f3 que algunos funcionarios occidentales son participes en los cr\u00edmenes que cometen los terroristas contra los civiles inocentes en la capital Damasco y su campo, especialmente que aquellos niegan al Estado sirio su derecho a defender a sus ciudadanos y luchar contra el terrorismo y sus patrocinadores.<\/p>\n<p>En una carta dirigida hoy el martes al Secretario General de la ONU y el Consejo de Seguridad, la Canciller\u00eda precis\u00f3 que los grupos terroristas que mantienen posiciones en Ghouta Oriental atacaron hoy el martes 20 de febrero de 2018 la ciudad de Damasco y su campo con decenas de morteros, lo que dej\u00f3 entre muertos y heridos a decenas de civiles y da\u00f1os materiales en las viviendas, escuelas , cl\u00ednicas, los establecimientos de servicio p\u00fablico, hasta en las sedes diplom\u00e1ticas.<\/p>\n<p>Esa grave escalada por partes de los grupos terroristas atrincherados en Ghouta Oriental y el bombardeo de la ciudad de Damasco con m\u00e1s de 45 obuses durante pocas horas por los mismos ha causado seis v\u00edctimas mortales y al menos 29 heridos (hasta la hora de redacci\u00f3n de la carta) constituye una continuaci\u00f3n de los ataques diarios librados con mortero y misiles por estos grupos contra los habitantes de Damasco, m\u00e1s de1500 obuses en las \u00faltimas siete semanas, los cuales ocasionaron centenares de m\u00e1rtires y heridos, mujeres y ni\u00f1os en su gran mayor\u00eda, asever\u00f3 la Canciller\u00eda en la carta.<\/p>\n<p>A\u00f1adi\u00f3 que estos ataques coinciden con campa\u00f1as libradas por algunos funcionarios occidentales, que no son otro que un apoyo directo a los terroristas para animarles a continuar con su terrorismo.<\/p>\n<p>&#8220;Estos funcionarios occidentales son participes en los cr\u00edmenes perpetrados por los terroristas contra los inocentes civiles en Damasco y su campo, puesto que estos funcionarios niegan al Estado sirio su derecho a defender a sus ciudadanos y luchar contra el terrorismo y sus patrocinadores en el marco del continuo complot dise\u00f1ados por los mismos desde hace siete a\u00f1os contra Siria&#8221;, enfatiz\u00f3.<\/p>\n<p>Resalt\u00f3 que la Rep\u00fablica \u00c1rabe Siria afirma que tales atentados terroristas no lograr\u00e1n interrumpir su lucha contra el terrorismo y sus esfuerzos para restablecer la seguridad a su poblaci\u00f3n y reconstruir lo destruido a manos de los terroristas y sus amos.<\/p>\n<p>En este contexto, la RAS exige al Consejo de Seguridad y al Secretario General de la ONU que expresen su inmediata y categ\u00f3rica condena a esta escalada librada contra Damasco y sus habitantes, e insta al Consejo de Seguridad que asuma su responsabilidad de mantener la paz y seguridad internacionales a trav\u00e9s de adoptar medidas sancionadoras contra los reg\u00edmenes y los pa\u00edses que conceden apoyo al terrorismo, en aplicaci\u00f3n a las resoluciones del CSNU.<\/p>\n<p>Al concluir su carta, la Canciller\u00eda se\u00f1al\u00f3 que el hecho de impedir al Consejo de Seguridad de condenar esta escalada por algunos pa\u00edses occidentales dar\u00e1 un mensaje a los terroristas y sus patrocinadores para que contin\u00faen con sus acciones terroristas y cr\u00edmenes contra el pueblo sirio y sigan utilizando a los civiles en Ghouta Oriental, entre otras \u00e1reas, como escudos humanos.<\/p>\n<p>Lynn.A<\/p>\n","protected":false},"excerpt":{"rendered":"<p>Damasco, SANA&#8211; La Canciller\u00eda siria afirm\u00f3 que algunos funcionarios occidentales son participes en los cr\u00edmenes que cometen los terroristas contra los civiles inocentes en la capital Damasco y su campo, especialmente que aquellos niegan al Estado sirio su derecho a defender a sus ciudadanos y luchar contra el terrorismo y sus patrocinadores. En una carta &hellip;<\/p>\n","protected":false},"author":1,"featured_media":77390,"comment_status":"closed","ping_status":"closed","sticky":false,"template":"","format":"standard","meta":{"footnotes":""},"categories":[597,467,583,7541],"tags":[10603],"class_list":["post-77389","post","type-post","status-publish","format-standard","has-post-thumbnail","","category-cinta-de-noticias","category-siria-y-el-mundo","category-slide","category-ultimas-noticias","tag-cancilleria-siria"],"_links":{"self":[{"href":"https:\/\/archive.sana.sy\/es\/index.php?rest_route=\/wp\/v2\/posts\/77389"}],"collection":[{"href":"https:\/\/archive.sana.sy\/es\/index.php?rest_route=\/wp\/v2\/posts"}],"about":[{"href":"https:\/\/archive.sana.sy\/es\/index.php?rest_route=\/wp\/v2\/types\/post"}],"author":[{"embeddable":true,"href":"https:\/\/archive.sana.sy\/es\/index.php?rest_route=\/wp\/v2\/users\/1"}],"replies":[{"embeddable":true,"href":"https:\/\/archive.sana.sy\/es\/index.php?rest_route=%2Fwp%2Fv2%2Fcomments&post=77389"}],"version-history":[{"count":0,"href":"https:\/\/archive.sana.sy\/es\/index.php?rest_route=\/wp\/v2\/posts\/77389\/revisions"}],"wp:featuredmedia":[{"embeddable":true,"href":"https:\/\/archive.sana.sy\/es\/index.php?rest_route=\/wp\/v2\/media\/77390"}],"wp:attachment":[{"href":"https:\/\/archive.sana.sy\/es\/index.php?rest_route=%2Fwp%2Fv2%2Fmedia&parent=77389"}],"wp:term":[{"taxonomy":"category","embeddable":true,"href":"https:\/\/archive.sana.sy\/es\/index.php?rest_route=%2Fwp%2Fv2%2Fcategories&post=77389"},{"taxonomy":"post_tag","embeddable":true,"href":"https:\/\/archive.sana.sy\/es\/index.php?rest_route=%2Fwp%2Fv2%2Ftags&post=77389"}],"curies":[{"name":"wp","href":"https:\/\/api.w.org\/{rel}","templated":true}]}}