{"id":78061,"date":"2018-03-04T22:07:11","date_gmt":"2018-03-04T20:07:11","guid":{"rendered":"https:\/\/www.sana.sy\/es\/?p=78061"},"modified":"2018-03-04T22:07:11","modified_gmt":"2018-03-04T20:07:11","slug":"el-ejercito-halla-una-fosa-comun-de-varios-cadaveres-de-martires-liquidados-por-los-terroristas-de-daesh-en-el-campo-de-raqqa","status":"publish","type":"post","link":"https:\/\/archive.sana.sy\/es\/?p=78061","title":{"rendered":"El Ej\u00e9rcito halla una fosa com\u00fan de varios cad\u00e1veres de m\u00e1rtires liquidados por los terroristas de Daesh en el campo de Raqqa"},"content":{"rendered":"<p>&nbsp;<\/p>\n<p><span style=\"color: #800000;\">Al Raqqa-SANA<\/span><\/p>\n<p>Una unidad del Ej\u00e9rcito sirio, en colaboraci\u00f3n con las autoridades competentes, hall\u00f3 una fosa com\u00fan de varios cad\u00e1veres de civiles y militares liquidados por los terroristas de Daesh en la comarca oeste de Raqqa.<\/p>\n<p>Conforme a datos facilitados por los vecinos sobre la existencia de una fosa com\u00fan cerca de la localidad de Remthan en el campo de Raqqa, las autoridades competentes se dirigieron al lugar, y con la ayuda de equipos de Defensa Civil pudieron sacar a los cad\u00e1veres.<\/p>\n<p>Uno de los agentes de Defensa Civil afirm\u00f3 que fueron sacados 8 cad\u00e1veres de m\u00e1rtires hasta el momento, para trasladarlos al hospital militar en Alepo, con el fin de completar las medidas jur\u00eddicas, y poder identificar a los nombres de los m\u00e1rtires y entregarlos a sus familiares.<\/p>\n<p><span style=\"color: #0000ff;\">Akram. S<\/span><\/p>\n","protected":false},"excerpt":{"rendered":"<p>&nbsp; Al Raqqa-SANA Una unidad del Ej\u00e9rcito sirio, en colaboraci\u00f3n con las autoridades competentes, hall\u00f3 una fosa com\u00fan de varios cad\u00e1veres de civiles y militares liquidados por los terroristas de Daesh en la comarca oeste de Raqqa. Conforme a datos facilitados por los vecinos sobre la existencia de una fosa com\u00fan cerca de la localidad &hellip;<\/p>\n","protected":false},"author":1,"featured_media":78062,"comment_status":"closed","ping_status":"closed","sticky":false,"template":"","format":"standard","meta":{"footnotes":""},"categories":[597,573,476,7541],"tags":[],"class_list":["post-78061","post","type-post","status-publish","format-standard","has-post-thumbnail","","category-cinta-de-noticias","category-la-realidad-de-los-acontecimientos-en-siria","category-locales","category-ultimas-noticias"],"_links":{"self":[{"href":"https:\/\/archive.sana.sy\/es\/index.php?rest_route=\/wp\/v2\/posts\/78061"}],"collection":[{"href":"https:\/\/archive.sana.sy\/es\/index.php?rest_route=\/wp\/v2\/posts"}],"about":[{"href":"https:\/\/archive.sana.sy\/es\/index.php?rest_route=\/wp\/v2\/types\/post"}],"author":[{"embeddable":true,"href":"https:\/\/archive.sana.sy\/es\/index.php?rest_route=\/wp\/v2\/users\/1"}],"replies":[{"embeddable":true,"href":"https:\/\/archive.sana.sy\/es\/index.php?rest_route=%2Fwp%2Fv2%2Fcomments&post=78061"}],"version-history":[{"count":0,"href":"https:\/\/archive.sana.sy\/es\/index.php?rest_route=\/wp\/v2\/posts\/78061\/revisions"}],"wp:featuredmedia":[{"embeddable":true,"href":"https:\/\/archive.sana.sy\/es\/index.php?rest_route=\/wp\/v2\/media\/78062"}],"wp:attachment":[{"href":"https:\/\/archive.sana.sy\/es\/index.php?rest_route=%2Fwp%2Fv2%2Fmedia&parent=78061"}],"wp:term":[{"taxonomy":"category","embeddable":true,"href":"https:\/\/archive.sana.sy\/es\/index.php?rest_route=%2Fwp%2Fv2%2Fcategories&post=78061"},{"taxonomy":"post_tag","embeddable":true,"href":"https:\/\/archive.sana.sy\/es\/index.php?rest_route=%2Fwp%2Fv2%2Ftags&post=78061"}],"curies":[{"name":"wp","href":"https:\/\/api.w.org\/{rel}","templated":true}]}}