{"id":78065,"date":"2018-03-04T22:16:23","date_gmt":"2018-03-04T20:16:23","guid":{"rendered":"https:\/\/www.sana.sy\/es\/?p=78065"},"modified":"2019-09-10T12:29:29","modified_gmt":"2019-09-10T09:29:29","slug":"el-presidente-al-assad-la-operacion-en-guta-continua-en-paralelo-con-permitir-la-salida-de-los-civiles-a-zonas-bajo-control-del-estado","status":"publish","type":"post","link":"https:\/\/archive.sana.sy\/es\/?p=78065","title":{"rendered":"El presidente al Assad: la operaci\u00f3n en Guta contin\u00faa en paralelo con permitir la salida de los civiles a zonas bajo control del estado"},"content":{"rendered":"<p>&nbsp;<\/p>\n<p><span style=\"color: #800000;\">Damasco- SANA<\/span><\/p>\n<p>El presidente Bashar al Assad afirm\u00f3 en una declaraci\u00f3n a varios medios de comunicaci\u00f3n que la campa\u00f1a medi\u00e1tica y pol\u00edtica contra Siria, bajo lemas humanitarios, tiene por objetivo resucitar a los terroristas despu\u00e9s de recibir duros ataques.<\/p>\n<p>La mayor\u00eda en Guta oriental quiere salir en medio de los terroristas al seno de la patria, por eso la operaci\u00f3n contra el terrorismo contin\u00faa en paralelo con dar la posibilidad a los civiles para salir a las zonas bajo control del estado, se\u00f1al\u00f3 el presidente.<\/p>\n<p>Subray\u00f3 que el asunto de las armas qu\u00edmicas ya forma parte de los t\u00e9rminos del diccionario de la mentira occidental, y esto es solo un chantaje que se usa normalmente como pretexto para atacar al Ej\u00e9rcito sirio.<\/p>\n<p><img loading=\"lazy\" decoding=\"async\" class=\"alignnone size-medium wp-image-78067\" src=\"https:\/\/www.sana.sy\/es\/wp-content\/uploads\/2018\/03\/4-28-300x200-300x200.jpg\" alt=\"\" width=\"300\" height=\"200\" srcset=\"https:\/\/archive.sana.sy\/es\/wp-content\/uploads\/2018\/03\/4-28-300x200.jpg 300w, https:\/\/archive.sana.sy\/es\/wp-content\/uploads\/2018\/03\/4-28-300x200-150x100.jpg 150w\" sizes=\"(max-width: 300px) 100vw, 300px\" \/><\/p>\n<p>El presidente al Assad afirm\u00f3 que la Coalici\u00f3n occidental es la fuerza a\u00e9rea de Daesh, y esta Coalici\u00f3n apoya al Frente de al Nusra y Daesh, y a las organizaciones terroristas similares, sin la m\u00ednima verg\u00fcenza.<\/p>\n<p><img loading=\"lazy\" decoding=\"async\" class=\"alignnone size-medium wp-image-78068\" src=\"https:\/\/www.sana.sy\/es\/wp-content\/uploads\/2018\/03\/8-17-300x235-300x235.jpg\" alt=\"\" width=\"300\" height=\"235\" srcset=\"https:\/\/archive.sana.sy\/es\/wp-content\/uploads\/2018\/03\/8-17-300x235.jpg 300w, https:\/\/archive.sana.sy\/es\/wp-content\/uploads\/2018\/03\/8-17-300x235-150x118.jpg 150w\" sizes=\"(max-width: 300px) 100vw, 300px\" \/><\/p>\n<p>En el mismo contexto, aclar\u00f3 que la entrada de las fuerzas populares en Afrin es natural, porque cuando hay un enemigo exterior es normal que las facciones sociales por sus diferentes ideolog\u00edas se unifiquen, teniendo en cuenta que el Ej\u00e9rcito sirio est\u00e1 ocupado en la lucha contra los terroristas en otros lugares.<\/p>\n<p>https:\/\/youtu.be\/ilqa-BirVd8<\/p>\n<p>&nbsp;<\/p>\n<p><span style=\"color: #0000ff;\">Akram. S<\/span><\/p>\n","protected":false},"excerpt":{"rendered":"<p>&nbsp; Damasco- SANA El presidente Bashar al Assad afirm\u00f3 en una declaraci\u00f3n a varios medios de comunicaci\u00f3n que la campa\u00f1a medi\u00e1tica y pol\u00edtica contra Siria, bajo lemas humanitarios, tiene por objetivo resucitar a los terroristas despu\u00e9s de recibir duros ataques. La mayor\u00eda en Guta oriental quiere salir en medio de los terroristas al seno de &hellip;<\/p>\n","protected":false},"author":1,"featured_media":78066,"comment_status":"closed","ping_status":"closed","sticky":false,"template":"","format":"standard","meta":{"footnotes":""},"categories":[597,476,16237,583,7541],"tags":[],"class_list":["post-78065","post","type-post","status-publish","format-standard","has-post-thumbnail","","category-cinta-de-noticias","category-locales","category-presidence-de-la-republique-arabe-syria","category-slide","category-ultimas-noticias"],"_links":{"self":[{"href":"https:\/\/archive.sana.sy\/es\/index.php?rest_route=\/wp\/v2\/posts\/78065"}],"collection":[{"href":"https:\/\/archive.sana.sy\/es\/index.php?rest_route=\/wp\/v2\/posts"}],"about":[{"href":"https:\/\/archive.sana.sy\/es\/index.php?rest_route=\/wp\/v2\/types\/post"}],"author":[{"embeddable":true,"href":"https:\/\/archive.sana.sy\/es\/index.php?rest_route=\/wp\/v2\/users\/1"}],"replies":[{"embeddable":true,"href":"https:\/\/archive.sana.sy\/es\/index.php?rest_route=%2Fwp%2Fv2%2Fcomments&post=78065"}],"version-history":[{"count":0,"href":"https:\/\/archive.sana.sy\/es\/index.php?rest_route=\/wp\/v2\/posts\/78065\/revisions"}],"wp:featuredmedia":[{"embeddable":true,"href":"https:\/\/archive.sana.sy\/es\/index.php?rest_route=\/wp\/v2\/media\/78066"}],"wp:attachment":[{"href":"https:\/\/archive.sana.sy\/es\/index.php?rest_route=%2Fwp%2Fv2%2Fmedia&parent=78065"}],"wp:term":[{"taxonomy":"category","embeddable":true,"href":"https:\/\/archive.sana.sy\/es\/index.php?rest_route=%2Fwp%2Fv2%2Fcategories&post=78065"},{"taxonomy":"post_tag","embeddable":true,"href":"https:\/\/archive.sana.sy\/es\/index.php?rest_route=%2Fwp%2Fv2%2Ftags&post=78065"}],"curies":[{"name":"wp","href":"https:\/\/api.w.org\/{rel}","templated":true}]}}