{"id":7809,"date":"2014-08-25T19:35:49","date_gmt":"2014-08-25T16:35:49","guid":{"rendered":"http:\/\/www.sana.sy\/es\/?p=7809"},"modified":"2014-08-26T16:59:35","modified_gmt":"2014-08-26T13:59:35","slug":"siria-y-rusia-la-necesidad-de-combatir-el-extremismo-en-todas-sus-formas-sin-ninguna-tolerancia","status":"publish","type":"post","link":"https:\/\/archive.sana.sy\/es\/?p=7809","title":{"rendered":"Siria y Rusia: la necesidad de combatir el extremismo en todas sus formas sin ninguna tolerancia"},"content":{"rendered":"<p>Mosc\u00fa-SANA<\/p>\n<p>El Ministerio de Exteriores de Rusia anunci\u00f3 que el canciller ruso, Sergei Lavrov, y su hom\u00f3logo sirio Walid al-Moallem, examinaron en una conversaci\u00f3n telef\u00f3nica, \u00a0&#8220;la situaci\u00f3n en Siria en el marco de la creciente actividad terrorista en Siria e Irak&#8221;, se\u00f1alando el aumento de los cr\u00edmenes terroristas cometidos por las organizaciones terroristas en estos dos pa\u00edses, y sobre todo, la organizaci\u00f3n del Estado Isl\u00e1mico de Irak y el Levante.<\/p>\n<p>La canciller\u00eda rusa dijo en un comunicado que &#8220;los puntos de vista de ambos ministros coincidieron en la necesidad de combatir el extremismo en todas sus formas sin ninguna tolerancia&#8221;, haciendo hincapi\u00e9 en que la lucha contra el terrorismo debe respetar los principios y normas del derecho internacional, incluido el respeto de la soberan\u00eda de los Estados de la regi\u00f3n.<\/p>\n<p>El comunicado agreg\u00f3 que ambos cancilleres expresaron su esperanza de que la resoluci\u00f3n n\u00famero 2170 del Consejo de Seguridad sea un paso efectivo e importante en la lucha colectiva contra el terrorismo, en el marco del apoyo de la comunidad internacional a los gobiernos de Irak y Siria en sus esfuerzos realizados para combatir a este diab\u00f3lico fen\u00f3meno.&#8221;<\/p>\n<p><span style=\"color: #0000ff\">Lavrov: Rusia apoya a Siria e Irak en su lucha contra el terrorismo<\/span><\/p>\n<p>Por otro lado, el canciller ruso Sergei Lavrov, anunci\u00f3 que su pa\u00eds apoya Siria e Irak en su lucha contra los terroristas as\u00ed como considera que todos los esfuerzos militares en este sentido deban de tener la aprobaci\u00f3n del Estado concerniente.<\/p>\n<p><a href=\"http:\/\/www.sana.sy\/es\/wp-content\/uploads\/2014\/08\/lavrov1.jpg\"><img loading=\"lazy\" decoding=\"async\" class=\"alignnone size-medium wp-image-7812\" src=\"http:\/\/www.sana.sy\/es\/wp-content\/uploads\/2014\/08\/lavrov1-300x159.jpg\" alt=\"lavrov\" width=\"300\" height=\"159\" srcset=\"https:\/\/archive.sana.sy\/es\/wp-content\/uploads\/2014\/08\/lavrov1-300x160.jpg 300w, https:\/\/archive.sana.sy\/es\/wp-content\/uploads\/2014\/08\/lavrov1-150x79.jpg 150w, https:\/\/archive.sana.sy\/es\/wp-content\/uploads\/2014\/08\/lavrov1.jpg 381w\" sizes=\"(max-width: 300px) 100vw, 300px\" \/><\/a><\/p>\n<p>En una rueda de prensa, Lavrov dijo &#8220;Vamos a estar plenamente dispuestos para trabajar juntos y para coordinar nuestros esfuerzos, primero con los pa\u00edses que est\u00e1n directamente expuestos a las amenazas terroristas, (refiri\u00e9ndose a Irak y Siria)\u2026Apoyaremos estos pa\u00edses para que fortalezcan sus capacidades contra el terrorismo armado&#8221;.<\/p>\n<p>El alto diplom\u00e1tico ruso opin\u00f3 que los Estados Unidos podr\u00eda dirigir golpes contra los grupos terroristas, a condici\u00f3n de que obtenga el consentimiento del Gobierno del Estado, donde desea dirigir sus golpes militares, y agreg\u00f3 que &#8220;si los Estados Unidos en realidad deseara \u00a0combatir a los terroristas de la organizaci\u00f3n terrorista del\u00a0 Estado Isl\u00e1mico de Irak y el Levante en Siria, \u00a0deber\u00eda obtener la aprobaci\u00f3n de las autoridades leg\u00edtimas de este pa\u00eds&#8221;.<\/p>\n<p>&#8220;Los esfuerzos plasmados para vencer el terrorismo internacional nos deban unir\u2026No podamos permitir que los terroristas se apoderen de nuevos territorios ni que establezcan \u00a0estados terroristas&#8221;, agreg\u00f3.<\/p>\n<p>De igual modo, Lavrov denunci\u00f3 la posici\u00f3n de los pa\u00edses occidentales que hasta hace poco se han negado a condenar los actos terroristas en Siria en el Consejo de Seguridad de la ONU, subrayando que tales posturas justifican el terrorismo y por tanto contravienen todas las leyes internacionales y los documentos de las Naciones Unidas que confirman claramente que el terrorismo no puede ser justificado.<\/p>\n<p>Lavrov consider\u00f3 que los pol\u00edticos occidentales se han dado cuenta de la amenaza del terrorismo y dijo que &#8220;Occidente se ver\u00e1 obligado a elegir entre el cambio de reg\u00edmenes que no le agraden o la lucha contra el terrorismo.<\/p>\n<p><span style=\"color: #333399\">Yamil K.<\/span><\/p>\n","protected":false},"excerpt":{"rendered":"<p>Mosc\u00fa-SANA El Ministerio de Exteriores de Rusia anunci\u00f3 que el canciller ruso, Sergei Lavrov, y su hom\u00f3logo sirio Walid al-Moallem, examinaron en una conversaci\u00f3n telef\u00f3nica, \u00a0&#8220;la situaci\u00f3n en Siria en el marco de la creciente actividad terrorista en Siria e Irak&#8221;, se\u00f1alando el aumento de los cr\u00edmenes terroristas cometidos por las organizaciones terroristas en estos &hellip;<\/p>\n","protected":false},"author":1,"featured_media":7810,"comment_status":"closed","ping_status":"closed","sticky":false,"template":"","format":"standard","meta":{"footnotes":""},"categories":[456],"tags":[],"class_list":["post-7809","post","type-post","status-publish","format-standard","has-post-thumbnail","","category-arabe-internacional-politica"],"_links":{"self":[{"href":"https:\/\/archive.sana.sy\/es\/index.php?rest_route=\/wp\/v2\/posts\/7809"}],"collection":[{"href":"https:\/\/archive.sana.sy\/es\/index.php?rest_route=\/wp\/v2\/posts"}],"about":[{"href":"https:\/\/archive.sana.sy\/es\/index.php?rest_route=\/wp\/v2\/types\/post"}],"author":[{"embeddable":true,"href":"https:\/\/archive.sana.sy\/es\/index.php?rest_route=\/wp\/v2\/users\/1"}],"replies":[{"embeddable":true,"href":"https:\/\/archive.sana.sy\/es\/index.php?rest_route=%2Fwp%2Fv2%2Fcomments&post=7809"}],"version-history":[{"count":0,"href":"https:\/\/archive.sana.sy\/es\/index.php?rest_route=\/wp\/v2\/posts\/7809\/revisions"}],"wp:featuredmedia":[{"embeddable":true,"href":"https:\/\/archive.sana.sy\/es\/index.php?rest_route=\/wp\/v2\/media\/7810"}],"wp:attachment":[{"href":"https:\/\/archive.sana.sy\/es\/index.php?rest_route=%2Fwp%2Fv2%2Fmedia&parent=7809"}],"wp:term":[{"taxonomy":"category","embeddable":true,"href":"https:\/\/archive.sana.sy\/es\/index.php?rest_route=%2Fwp%2Fv2%2Fcategories&post=7809"},{"taxonomy":"post_tag","embeddable":true,"href":"https:\/\/archive.sana.sy\/es\/index.php?rest_route=%2Fwp%2Fv2%2Ftags&post=7809"}],"curies":[{"name":"wp","href":"https:\/\/api.w.org\/{rel}","templated":true}]}}