{"id":78090,"date":"2018-03-05T19:15:33","date_gmt":"2018-03-05T17:15:33","guid":{"rendered":"https:\/\/www.sana.sy\/es\/?p=78090"},"modified":"2018-03-05T19:15:33","modified_gmt":"2018-03-05T17:15:33","slug":"siria-los-medios-de-comunicacion-occidentales-siguen-divulgando-mentiras-y-desinformacion-sobre-todo-lo-relacionado-con-la-crisis-siria","status":"publish","type":"post","link":"https:\/\/archive.sana.sy\/es\/?p=78090","title":{"rendered":"Siria: Los medios de comunicaci\u00f3n occidentales siguen divulgando mentiras y desinformaci\u00f3n sobre todo lo relacionado con la crisis siria"},"content":{"rendered":"<p>Damasco-SANA<\/p>\n<p>El presidente del Consejo del Pueblo, Hamoudeh Sabagh dijo hoy que los medios de comunicaci\u00f3n occidentales siguen divulgando mentiras y desinformaci\u00f3n sobre todo lo relacionado con la crisis siria.<\/p>\n<p>Al recibir una delegaci\u00f3n parlamentaria alem\u00e1n, Sabagh hizo hincapi\u00e9 en que Siria proseguir\u00e1 la lucha contra el terrorismo hasta erradicar este flagelo, \u00a8al mismo tiempo promueve el proceso de reconciliaci\u00f3n nacional\u00a8, agreg\u00f3.<\/p>\n<p>Se\u00f1al\u00f3 las repercusiones negativas que tienen las medidas unilaterales coercitivas impuestas por pa\u00edses occidentales contra el pueblo sirio y llam\u00f3 a suspenderlas.<\/p>\n<p>El jefe de la delegaci\u00f3n alem\u00e1n explic\u00f3 que el objetivo de la visita es dar a conocer sobre la realidad de lo que est\u00e1 ocurriendo en Siria y se\u00f1al\u00f3 que la delegaci\u00f3n desea visitar varias ciudades sirias con el objetivo de proporcionar ayuda a los ni\u00f1os y garantizar equipos a los hospitales.<\/p>\n<p>Y.K.<\/p>\n","protected":false},"excerpt":{"rendered":"<p>Damasco-SANA El presidente del Consejo del Pueblo, Hamoudeh Sabagh dijo hoy que los medios de comunicaci\u00f3n occidentales siguen divulgando mentiras y desinformaci\u00f3n sobre todo lo relacionado con la crisis siria. Al recibir una delegaci\u00f3n parlamentaria alem\u00e1n, Sabagh hizo hincapi\u00e9 en que Siria proseguir\u00e1 la lucha contra el terrorismo hasta erradicar este flagelo, \u00a8al mismo tiempo &hellip;<\/p>\n","protected":false},"author":1,"featured_media":78091,"comment_status":"closed","ping_status":"closed","sticky":false,"template":"","format":"standard","meta":{"footnotes":""},"categories":[476,7541],"tags":[],"class_list":["post-78090","post","type-post","status-publish","format-standard","has-post-thumbnail","","category-locales","category-ultimas-noticias"],"_links":{"self":[{"href":"https:\/\/archive.sana.sy\/es\/index.php?rest_route=\/wp\/v2\/posts\/78090"}],"collection":[{"href":"https:\/\/archive.sana.sy\/es\/index.php?rest_route=\/wp\/v2\/posts"}],"about":[{"href":"https:\/\/archive.sana.sy\/es\/index.php?rest_route=\/wp\/v2\/types\/post"}],"author":[{"embeddable":true,"href":"https:\/\/archive.sana.sy\/es\/index.php?rest_route=\/wp\/v2\/users\/1"}],"replies":[{"embeddable":true,"href":"https:\/\/archive.sana.sy\/es\/index.php?rest_route=%2Fwp%2Fv2%2Fcomments&post=78090"}],"version-history":[{"count":0,"href":"https:\/\/archive.sana.sy\/es\/index.php?rest_route=\/wp\/v2\/posts\/78090\/revisions"}],"wp:featuredmedia":[{"embeddable":true,"href":"https:\/\/archive.sana.sy\/es\/index.php?rest_route=\/wp\/v2\/media\/78091"}],"wp:attachment":[{"href":"https:\/\/archive.sana.sy\/es\/index.php?rest_route=%2Fwp%2Fv2%2Fmedia&parent=78090"}],"wp:term":[{"taxonomy":"category","embeddable":true,"href":"https:\/\/archive.sana.sy\/es\/index.php?rest_route=%2Fwp%2Fv2%2Fcategories&post=78090"},{"taxonomy":"post_tag","embeddable":true,"href":"https:\/\/archive.sana.sy\/es\/index.php?rest_route=%2Fwp%2Fv2%2Ftags&post=78090"}],"curies":[{"name":"wp","href":"https:\/\/api.w.org\/{rel}","templated":true}]}}