{"id":78310,"date":"2018-03-09T14:20:24","date_gmt":"2018-03-09T12:20:24","guid":{"rendered":"https:\/\/www.sana.sy\/es\/?p=78310"},"modified":"2018-03-09T14:20:24","modified_gmt":"2018-03-09T12:20:24","slug":"diputados-checos-crean-un-comite-de-amistad-con-siria","status":"publish","type":"post","link":"https:\/\/archive.sana.sy\/es\/?p=78310","title":{"rendered":"Diputados checos crean un Comit\u00e9 de Amistad con Siria"},"content":{"rendered":"<p><span style=\"color: #800000\">Praga , SANA<\/span>&#8211; Diputados del Parlamento de la Rep\u00fablica Checa anunciaron la creaci\u00f3n del Comit\u00e9 de Amistad con Siria, que refleja el deseo de este pa\u00eds de fortalecer a\u00fan m\u00e1s los lazos de amistad bilaterales.<\/p>\n<p>Seg\u00fan el corresponsal de la agencia SANA en Praga, el Comit\u00e9 est\u00e1 compuesto por 6 diputados que pertenecen varios partidos pol\u00edticos.<\/p>\n<p>En diciembre pasado, una delegaci\u00f3n parlamentaria checa compuesta por cuatro diputados de diversos partidos visit\u00f3 Siria, donde confirmaron la importancia de fortalecer las relaciones bilaterales y se\u00f1alaron que el terrorismo amenaza no solo a Siria, sino a toda la Uni\u00f3n Europea.<\/p>\n<p>La Rep\u00fablica Checa, que es miembro de la UE, a diferencia de muchos otros pa\u00edses europeos, adopt\u00f3 una posici\u00f3n independiente con respecto a la crisis siria.<br \/>\nCabe se\u00f1alar que, a lo largo de los \u00faltimos a\u00f1os y hasta la fecha la embajada checa en Damasco sigue funcionando.<\/p>\n<p>M\/Miri<\/p>\n","protected":false},"excerpt":{"rendered":"<p>Praga , SANA&#8211; Diputados del Parlamento de la Rep\u00fablica Checa anunciaron la creaci\u00f3n del Comit\u00e9 de Amistad con Siria, que refleja el deseo de este pa\u00eds de fortalecer a\u00fan m\u00e1s los lazos de amistad bilaterales. Seg\u00fan el corresponsal de la agencia SANA en Praga, el Comit\u00e9 est\u00e1 compuesto por 6 diputados que pertenecen varios partidos &hellip;<\/p>\n","protected":false},"author":1,"featured_media":78311,"comment_status":"closed","ping_status":"closed","sticky":false,"template":"","format":"standard","meta":{"footnotes":""},"categories":[597,467,7541],"tags":[11651],"class_list":["post-78310","post","type-post","status-publish","format-standard","has-post-thumbnail","","category-cinta-de-noticias","category-siria-y-el-mundo","category-ultimas-noticias","tag-praga"],"_links":{"self":[{"href":"https:\/\/archive.sana.sy\/es\/index.php?rest_route=\/wp\/v2\/posts\/78310"}],"collection":[{"href":"https:\/\/archive.sana.sy\/es\/index.php?rest_route=\/wp\/v2\/posts"}],"about":[{"href":"https:\/\/archive.sana.sy\/es\/index.php?rest_route=\/wp\/v2\/types\/post"}],"author":[{"embeddable":true,"href":"https:\/\/archive.sana.sy\/es\/index.php?rest_route=\/wp\/v2\/users\/1"}],"replies":[{"embeddable":true,"href":"https:\/\/archive.sana.sy\/es\/index.php?rest_route=%2Fwp%2Fv2%2Fcomments&post=78310"}],"version-history":[{"count":0,"href":"https:\/\/archive.sana.sy\/es\/index.php?rest_route=\/wp\/v2\/posts\/78310\/revisions"}],"wp:featuredmedia":[{"embeddable":true,"href":"https:\/\/archive.sana.sy\/es\/index.php?rest_route=\/wp\/v2\/media\/78311"}],"wp:attachment":[{"href":"https:\/\/archive.sana.sy\/es\/index.php?rest_route=%2Fwp%2Fv2%2Fmedia&parent=78310"}],"wp:term":[{"taxonomy":"category","embeddable":true,"href":"https:\/\/archive.sana.sy\/es\/index.php?rest_route=%2Fwp%2Fv2%2Fcategories&post=78310"},{"taxonomy":"post_tag","embeddable":true,"href":"https:\/\/archive.sana.sy\/es\/index.php?rest_route=%2Fwp%2Fv2%2Ftags&post=78310"}],"curies":[{"name":"wp","href":"https:\/\/api.w.org\/{rel}","templated":true}]}}